{"id":2016,"date":"2014-03-24T12:00:03","date_gmt":"2014-03-24T12:00:03","guid":{"rendered":"http:\/\/waldkindergarten-berglen.de\/?p=2016"},"modified":"2014-03-24T12:00:03","modified_gmt":"2014-03-24T12:00:03","slug":"hurra-der-fruehling-ist-da","status":"publish","type":"post","link":"https:\/\/waldkindergarten-berglen.de\/?p=2016","title":{"rendered":"Hurra, der Fr\u00fchling ist da!"},"content":{"rendered":"<p>Passend zum Fr\u00fchlingsanfang, freuten sich die Waldkinder \u00fcber traumhaft sch\u00f6nes Wetter!<br \/>\nKlar, dass das Thema Fr\u00fchlingsanfang die Zwerge und Wichtel einige Tage begleitete.<br \/>\nW\u00e4hrend der Morgenkreis schon mit den ersten bunten Fr\u00fchlingsblumen geschm\u00fcckt war, erz\u00e4hlten die Kinder, welche Ver\u00e4nderungen sie in den letzten Tagen in ihrer Umwelt wahrgenommen hatten.<\/p>\n<p>Die Einen erinnerten sich an die ersten warmen Sonnenstrahlen auf der Haut, die Anderen an das ausgelassene und fr\u00fch morgens sogar laute Vogelgezwitscher!<\/p>\n<p>Oder die ersten wei\u00df bl\u00fchenden B\u00e4ume und B\u00fcsche.<\/p>\n<p>Auch die ersten Enten, G\u00e4nsebl\u00fcmchen und Osterglocken wurden von den Kindern schon freudestrahlend entdeckt.<br \/>\nWieder einmal zeigte sich, dass den wachsamen Kinderaugen kein Detail entgeht!<br \/>\nDoch der Fr\u00fchling verzaubert auch die Menschen! Die Sonne schenkt ihnen ein L\u00e4cheln, Energie und Lebenslust!<\/p>\n<p>Wie sich das bei jedem Einzelnen \u00e4u\u00dfert, reflektierten die Erzieherinnen eingehend und steigerten somit die Selbstwahrnehmung der Kinder!<\/p>\n<p>Manches Waldkind sp\u00fcrte danach ganz bewusst , dass die Sonne es gl\u00fccklich macht!<\/p>\n<h4>Kreisputzede<\/h4>\n<p>Da wir als Waldkindergarten das ganze Jahr in der Natur unterwegs sind, ist es uns ein sehr gro\u00dfes Anliegen, unsere Umwelt sauber zu halten.<\/p>\n<figure id=\"attachment_1603\" aria-describedby=\"caption-attachment-1603\" style=\"width: 460px\" class=\"wp-caption alignnone\"><img loading=\"lazy\" decoding=\"async\" width=\"460\" height=\"345\" class=\"size-full wp-image-1603\" alt=\"Es ist jede Anstrengung wert!\" src=\"http:\/\/waldkindergarten-berglen.de\/wp-content\/uploads\/2016\/06\/842-1-1.jpg\"><figcaption id=\"caption-attachment-1603\" class=\"wp-caption-text\">Es ist jede Anstrengung wert!<\/figcaption><\/figure>\n<p>Dass dies sehr wichtig ist, lernen bei uns schon die Kleinsten.<br \/>\nSomit war es f\u00fcr uns auch dieses Jahr wieder eine Selbstverst\u00e4ndlichkeit, die Gemeinde bei der Kreisputzede zu unterst\u00fctzen!<\/p>\n<figure id=\"attachment_1604\" aria-describedby=\"caption-attachment-1604\" style=\"width: 460px\" class=\"wp-caption alignnone\"><img loading=\"lazy\" decoding=\"async\" width=\"460\" height=\"345\" class=\"size-full wp-image-1604\" alt=\"V\u00f6llig durchn\u00e4sst und ersch\u00f6pft! Aber stolz!\" src=\"http:\/\/waldkindergarten-berglen.de\/wp-content\/uploads\/2016\/06\/843-1-1.jpg\"><figcaption id=\"caption-attachment-1604\" class=\"wp-caption-text\">V\u00f6llig durchn\u00e4sst und ersch\u00f6pft! Aber stolz!<\/figcaption><\/figure>\n<p><em>Wussten Sie schon?<\/em><br \/>\n<em>Dass die V\u00f6gel im Fr\u00fchling die Lautst\u00e4rke eines Presslufthammers mit bis zu 90 Dezibel erreichen k\u00f6nnen?<\/em><\/p>\n","protected":false},"excerpt":{"rendered":"<p>Passend zum Fr\u00fchlingsanfang, freuten sich die Waldkinder \u00fcber traumhaft sch\u00f6nes Wetter! Klar, dass das Thema Fr\u00fchlingsanfang die Zwerge und Wichtel einige Tage begleitete. W\u00e4hrend der Morgenkreis schon mit den ersten bunten Fr\u00fchlingsblumen geschm\u00fcckt war, erz\u00e4hlten die Kinder, welche Ver\u00e4nderungen sie in den letzten Tagen in ihrer Umwelt wahrgenommen hatten. Die Einen erinnerten sich an die&hellip; <a href=\"https:\/\/waldkindergarten-berglen.de\/?p=2016\" class=\"more-link\">Weiterlesen <span class=\"screen-reader-text\">Hurra, der Fr\u00fchling ist da!<\/span><\/a><\/p>\n","protected":false},"author":1,"featured_media":0,"comment_status":"closed","ping_status":"closed","sticky":false,"template":"","format":"standard","meta":{"ngg_post_thumbnail":0,"_jetpack_memberships_contains_paid_content":false,"footnotes":""},"categories":[3],"tags":[],"class_list":["post-2016","post","type-post","status-publish","format-standard","hentry","category-berichte"],"jetpack_featured_media_url":"","jetpack_sharing_enabled":true,"_links":{"self":[{"href":"https:\/\/waldkindergarten-berglen.de\/index.php?rest_route=\/wp\/v2\/posts\/2016","targetHints":{"allow":["GET"]}}],"collection":[{"href":"https:\/\/waldkindergarten-berglen.de\/index.php?rest_route=\/wp\/v2\/posts"}],"about":[{"href":"https:\/\/waldkindergarten-berglen.de\/index.php?rest_route=\/wp\/v2\/types\/post"}],"author":[{"embeddable":true,"href":"https:\/\/waldkindergarten-berglen.de\/index.php?rest_route=\/wp\/v2\/users\/1"}],"replies":[{"embeddable":true,"href":"https:\/\/waldkindergarten-berglen.de\/index.php?rest_route=%2Fwp%2Fv2%2Fcomments&post=2016"}],"version-history":[{"count":0,"href":"https:\/\/waldkindergarten-berglen.de\/index.php?rest_route=\/wp\/v2\/posts\/2016\/revisions"}],"wp:attachment":[{"href":"https:\/\/waldkindergarten-berglen.de\/index.php?rest_route=%2Fwp%2Fv2%2Fmedia&parent=2016"}],"wp:term":[{"taxonomy":"category","embeddable":true,"href":"https:\/\/waldkindergarten-berglen.de\/index.php?rest_route=%2Fwp%2Fv2%2Fcategories&post=2016"},{"taxonomy":"post_tag","embeddable":true,"href":"https:\/\/waldkindergarten-berglen.de\/index.php?rest_route=%2Fwp%2Fv2%2Ftags&post=2016"}],"curies":[{"name":"wp","href":"https:\/\/api.w.org\/{rel}","templated":true}]}}