{"id":2018,"date":"2014-03-17T12:00:43","date_gmt":"2014-03-17T12:00:43","guid":{"rendered":"http:\/\/waldkindergarten-berglen.de\/?p=2018"},"modified":"2014-03-17T12:00:43","modified_gmt":"2014-03-17T12:00:43","slug":"knotenschule-fuer-die-grossen","status":"publish","type":"post","link":"https:\/\/waldkindergarten-berglen.de\/?p=2018","title":{"rendered":"Knotenschule f\u00fcr die Gro\u00dfen"},"content":{"rendered":"<p>In unserer w\u00f6chentlichen Riesenschule werden unsere Vorsch\u00fcler umfangreich auf den neuen Lebensabschnitt Schule vorbereitet.<br \/>\nDazu geh\u00f6rt auch die Kunst des Knotens.<br \/>\nWas&nbsp; nicht nur die Logik und die Feinmotorik f\u00f6rdert, sondern fast schon nebenbei den Kindern das Schuhe binden lehrt.<\/p>\n<p>Zu diesem Zweck arbeiten die Riesen in einem ganz eigenen Knotenbuch.<\/p>\n<p>Darin wird die Geschichte einer Schnur erz\u00e4hlt, die ganz am Anfang einfach nur wirr herum liegt und sich dann Seite f\u00fcr Seite zu den verschiedensten Windungen, Knoten und Schleifen entwickelt.<br \/>\nNat\u00fcrlich ist die Schnur in der Geschichte auf die Hilfe der Kinder angewiesen und leitet sie durch die Beschreibungen an, auf welcher Buchseite welcher Knoten wie entstehen sollte.<br \/>\nIst das Knotenbuch fertiggestellt, besitzt nicht nur jeder Vorsch\u00fcler eine stolze Knotensammlung sondern hat nun auch die Schn\u00fcrsenkel im Griff.<\/p>\n<p><em>Wussten Sie schon?<\/em><br \/>\n<em>Dass die Inkas Knoten als Schrift verwendeten, die sich Quipu nennt?<\/em><\/p>\n","protected":false},"excerpt":{"rendered":"<p>In unserer w\u00f6chentlichen Riesenschule werden unsere Vorsch\u00fcler umfangreich auf den neuen Lebensabschnitt Schule vorbereitet. Dazu geh\u00f6rt auch die Kunst des Knotens. Was&nbsp; nicht nur die Logik und die Feinmotorik f\u00f6rdert, sondern fast schon nebenbei den Kindern das Schuhe binden lehrt. Zu diesem Zweck arbeiten die Riesen in einem ganz eigenen Knotenbuch. Darin wird die Geschichte&hellip; <a href=\"https:\/\/waldkindergarten-berglen.de\/?p=2018\" class=\"more-link\">Weiterlesen <span class=\"screen-reader-text\">Knotenschule f\u00fcr die Gro\u00dfen<\/span><\/a><\/p>\n","protected":false},"author":1,"featured_media":0,"comment_status":"closed","ping_status":"closed","sticky":false,"template":"","format":"standard","meta":{"ngg_post_thumbnail":0,"_jetpack_memberships_contains_paid_content":false,"footnotes":""},"categories":[3],"tags":[],"class_list":["post-2018","post","type-post","status-publish","format-standard","hentry","category-berichte"],"jetpack_featured_media_url":"","jetpack_sharing_enabled":true,"_links":{"self":[{"href":"https:\/\/waldkindergarten-berglen.de\/index.php?rest_route=\/wp\/v2\/posts\/2018","targetHints":{"allow":["GET"]}}],"collection":[{"href":"https:\/\/waldkindergarten-berglen.de\/index.php?rest_route=\/wp\/v2\/posts"}],"about":[{"href":"https:\/\/waldkindergarten-berglen.de\/index.php?rest_route=\/wp\/v2\/types\/post"}],"author":[{"embeddable":true,"href":"https:\/\/waldkindergarten-berglen.de\/index.php?rest_route=\/wp\/v2\/users\/1"}],"replies":[{"embeddable":true,"href":"https:\/\/waldkindergarten-berglen.de\/index.php?rest_route=%2Fwp%2Fv2%2Fcomments&post=2018"}],"version-history":[{"count":0,"href":"https:\/\/waldkindergarten-berglen.de\/index.php?rest_route=\/wp\/v2\/posts\/2018\/revisions"}],"wp:attachment":[{"href":"https:\/\/waldkindergarten-berglen.de\/index.php?rest_route=%2Fwp%2Fv2%2Fmedia&parent=2018"}],"wp:term":[{"taxonomy":"category","embeddable":true,"href":"https:\/\/waldkindergarten-berglen.de\/index.php?rest_route=%2Fwp%2Fv2%2Fcategories&post=2018"},{"taxonomy":"post_tag","embeddable":true,"href":"https:\/\/waldkindergarten-berglen.de\/index.php?rest_route=%2Fwp%2Fv2%2Ftags&post=2018"}],"curies":[{"name":"wp","href":"https:\/\/api.w.org\/{rel}","templated":true}]}}