{"id":2020,"date":"2014-03-10T12:00:25","date_gmt":"2014-03-10T12:00:25","guid":{"rendered":"http:\/\/waldkindergarten-berglen.de\/?p=2020"},"modified":"2014-03-10T12:00:25","modified_gmt":"2014-03-10T12:00:25","slug":"erste-sonnenstrahlen","status":"publish","type":"post","link":"https:\/\/waldkindergarten-berglen.de\/?p=2020","title":{"rendered":"Erste Sonnenstrahlen"},"content":{"rendered":"<p>Jetzt erleben unsere Waldkinder wie die ersten Sonnenstrahlen durch die B\u00e4ume scheinen. Es wird wieder w\u00e4rmer. Erste Blumen wagen sich aus der Erde. Das Spiel ver\u00e4ndert sich. Die Kinder finden wieder mehr zu sich. Sie spielen ruhiger, w\u00e4hrend in der K\u00e4lte mehr Bewegung gefordert ist.<\/p>\n<p>Auf der Wiese haben die Kinder Nestle mit Reisig gebaut. Beim Kullerberg durften sie sich herunterrollen lassen. Auch Verstecken durften sie spielen. Es gibt wieder mehr zu sehen. Da macht auch \u00abich sehe was, was Du nicht siehst\u00bb viel Spa\u00df.<\/p>\n<figure id=\"attachment_1602\" aria-describedby=\"caption-attachment-1602\" style=\"width: 345px\" class=\"wp-caption alignnone\"><img loading=\"lazy\" decoding=\"async\" width=\"345\" height=\"460\" class=\"size-full wp-image-1602\" alt=\"Fr\u00fchlingsboten\" src=\"http:\/\/waldkindergarten-berglen.de\/wp-content\/uploads\/2016\/06\/841-1-1.jpg\"><figcaption id=\"caption-attachment-1602\" class=\"wp-caption-text\">Fr\u00fchlingsboten<\/figcaption><\/figure>\n<p><em>Wussten Sie schon?<\/em><br \/>\n<em>G\u00e4nsebl\u00fcmchen haben in der K\u00e4lte rote Spitzen. Diese dienen als Frostschutz f\u00fcr die Blumenbl\u00e4tter.<\/em><\/p>\n","protected":false},"excerpt":{"rendered":"<p>Jetzt erleben unsere Waldkinder wie die ersten Sonnenstrahlen durch die B\u00e4ume scheinen. Es wird wieder w\u00e4rmer. Erste Blumen wagen sich aus der Erde. Das Spiel ver\u00e4ndert sich. Die Kinder finden wieder mehr zu sich. Sie spielen ruhiger, w\u00e4hrend in der K\u00e4lte mehr Bewegung gefordert ist. Auf der Wiese haben die Kinder Nestle mit Reisig gebaut.&hellip; <a href=\"https:\/\/waldkindergarten-berglen.de\/?p=2020\" class=\"more-link\">Weiterlesen <span class=\"screen-reader-text\">Erste Sonnenstrahlen<\/span><\/a><\/p>\n","protected":false},"author":1,"featured_media":0,"comment_status":"closed","ping_status":"closed","sticky":false,"template":"","format":"standard","meta":{"ngg_post_thumbnail":0,"_jetpack_memberships_contains_paid_content":false,"footnotes":""},"categories":[3],"tags":[],"class_list":["post-2020","post","type-post","status-publish","format-standard","hentry","category-berichte"],"jetpack_featured_media_url":"","jetpack_sharing_enabled":true,"_links":{"self":[{"href":"https:\/\/waldkindergarten-berglen.de\/index.php?rest_route=\/wp\/v2\/posts\/2020","targetHints":{"allow":["GET"]}}],"collection":[{"href":"https:\/\/waldkindergarten-berglen.de\/index.php?rest_route=\/wp\/v2\/posts"}],"about":[{"href":"https:\/\/waldkindergarten-berglen.de\/index.php?rest_route=\/wp\/v2\/types\/post"}],"author":[{"embeddable":true,"href":"https:\/\/waldkindergarten-berglen.de\/index.php?rest_route=\/wp\/v2\/users\/1"}],"replies":[{"embeddable":true,"href":"https:\/\/waldkindergarten-berglen.de\/index.php?rest_route=%2Fwp%2Fv2%2Fcomments&post=2020"}],"version-history":[{"count":0,"href":"https:\/\/waldkindergarten-berglen.de\/index.php?rest_route=\/wp\/v2\/posts\/2020\/revisions"}],"wp:attachment":[{"href":"https:\/\/waldkindergarten-berglen.de\/index.php?rest_route=%2Fwp%2Fv2%2Fmedia&parent=2020"}],"wp:term":[{"taxonomy":"category","embeddable":true,"href":"https:\/\/waldkindergarten-berglen.de\/index.php?rest_route=%2Fwp%2Fv2%2Fcategories&post=2020"},{"taxonomy":"post_tag","embeddable":true,"href":"https:\/\/waldkindergarten-berglen.de\/index.php?rest_route=%2Fwp%2Fv2%2Ftags&post=2020"}],"curies":[{"name":"wp","href":"https:\/\/api.w.org\/{rel}","templated":true}]}}