{"id":2026,"date":"2014-02-17T12:00:19","date_gmt":"2014-02-17T12:00:19","guid":{"rendered":"http:\/\/waldkindergarten-berglen.de\/?p=2026"},"modified":"2014-02-17T12:00:19","modified_gmt":"2014-02-17T12:00:19","slug":"vertraute-klaenge-erobern-den-wald","status":"publish","type":"post","link":"https:\/\/waldkindergarten-berglen.de\/?p=2026","title":{"rendered":"Vertraute Kl\u00e4nge erobern den Wald"},"content":{"rendered":"<p>Vor ein paar Tagen, es war ein milder niederschlagsfreier Februarmorgen an dem sich die Waldkinder wie jeden Tag am Waldspielplatz treffen. Da h\u00f6rten sie es: Ein Vogel zwitscherte laut und ausgelassen! Zwei andere V\u00f6gel stimmten mit ihren eigenen Melodien ein und zauberten den Kleinen und Gro\u00dfen ein L\u00e4cheln ins Gesicht!<\/p>\n<p>Wie wundersch\u00f6n, nach so langer Zeit diese fr\u00f6hlichen Stimmen wieder zu h\u00f6ren! Noch sind sie sehr vereinzelt zu h\u00f6ren. Doch wir freuen uns schon darauf, wenn sie wieder den ganzen Wald mit ihrem fr\u00f6hlichen Gesang erf\u00fcllen!<\/p>\n<p><em>Wussten Sie schon?<\/em><br \/>\n<em>Dass Zugv\u00f6gel auf ihren Z\u00fcgen nicht nur von ihren Fettreserven, sondern auch vom Eiwei\u00df ihrer inneren Organe zehren um gro\u00dfe Distanzen zur\u00fccklegen zu k\u00f6nnen und bei der Verstoffwechselung von Eiwei\u00df und Fett&nbsp; Wasser entsteht, welches in erheblichem Ma\u00dfe dazu beitr\u00e4gt, die Wasseraufnahme zu verringern?<\/em><\/p>\n","protected":false},"excerpt":{"rendered":"<p>Vor ein paar Tagen, es war ein milder niederschlagsfreier Februarmorgen an dem sich die Waldkinder wie jeden Tag am Waldspielplatz treffen. Da h\u00f6rten sie es: Ein Vogel zwitscherte laut und ausgelassen! Zwei andere V\u00f6gel stimmten mit ihren eigenen Melodien ein und zauberten den Kleinen und Gro\u00dfen ein L\u00e4cheln ins Gesicht! Wie wundersch\u00f6n, nach so langer&hellip; <a href=\"https:\/\/waldkindergarten-berglen.de\/?p=2026\" class=\"more-link\">Weiterlesen <span class=\"screen-reader-text\">Vertraute Kl\u00e4nge erobern den Wald<\/span><\/a><\/p>\n","protected":false},"author":1,"featured_media":0,"comment_status":"closed","ping_status":"closed","sticky":false,"template":"","format":"standard","meta":{"ngg_post_thumbnail":0,"_jetpack_memberships_contains_paid_content":false,"footnotes":""},"categories":[3],"tags":[],"class_list":["post-2026","post","type-post","status-publish","format-standard","hentry","category-berichte"],"jetpack_featured_media_url":"","jetpack_sharing_enabled":true,"_links":{"self":[{"href":"https:\/\/waldkindergarten-berglen.de\/index.php?rest_route=\/wp\/v2\/posts\/2026","targetHints":{"allow":["GET"]}}],"collection":[{"href":"https:\/\/waldkindergarten-berglen.de\/index.php?rest_route=\/wp\/v2\/posts"}],"about":[{"href":"https:\/\/waldkindergarten-berglen.de\/index.php?rest_route=\/wp\/v2\/types\/post"}],"author":[{"embeddable":true,"href":"https:\/\/waldkindergarten-berglen.de\/index.php?rest_route=\/wp\/v2\/users\/1"}],"replies":[{"embeddable":true,"href":"https:\/\/waldkindergarten-berglen.de\/index.php?rest_route=%2Fwp%2Fv2%2Fcomments&post=2026"}],"version-history":[{"count":0,"href":"https:\/\/waldkindergarten-berglen.de\/index.php?rest_route=\/wp\/v2\/posts\/2026\/revisions"}],"wp:attachment":[{"href":"https:\/\/waldkindergarten-berglen.de\/index.php?rest_route=%2Fwp%2Fv2%2Fmedia&parent=2026"}],"wp:term":[{"taxonomy":"category","embeddable":true,"href":"https:\/\/waldkindergarten-berglen.de\/index.php?rest_route=%2Fwp%2Fv2%2Fcategories&post=2026"},{"taxonomy":"post_tag","embeddable":true,"href":"https:\/\/waldkindergarten-berglen.de\/index.php?rest_route=%2Fwp%2Fv2%2Ftags&post=2026"}],"curies":[{"name":"wp","href":"https:\/\/api.w.org\/{rel}","templated":true}]}}