{"id":2028,"date":"2014-02-03T12:00:04","date_gmt":"2014-02-03T12:00:04","guid":{"rendered":"http:\/\/waldkindergarten-berglen.de\/?p=2028"},"modified":"2014-02-03T12:00:04","modified_gmt":"2014-02-03T12:00:04","slug":"wir-begeben-uns-in-die-welt-der-maerchen","status":"publish","type":"post","link":"https:\/\/waldkindergarten-berglen.de\/?p=2028","title":{"rendered":"Wir begeben uns in die Welt der M\u00e4rchen"},"content":{"rendered":"<p>M\u00e4rchen sind in ihrer Art ganz besonders. Sie erz\u00e4hlen nicht nur von den guten und sch\u00f6nen Seiten, sondern greifen meistens auf allt\u00e4gliche Lebenssituationen zur\u00fcck.&nbsp; Dabei zeigen sie Wege der Konflikt- oder Probleml\u00f6sung auf, die auch von Kindern verstanden werden.<br \/>\nDaher sind M\u00e4rchen ein wichtiges Volksgut das wir pflegen m\u00f6chten.<\/p>\n<p>So beginnen wir nun unsere M\u00e4rchenwochen.<br \/>\nDazu wird im Morgenkreis der M\u00e4rchenkoffer ge\u00f6ffnet, in dem sich verschiedene Utensilien zu einem M\u00e4rchen befinden. Wie z.B. ein Frosch, eine Krone, ein Brunnen und eine goldene Kugel.<br \/>\nAnhand dieser Gegenst\u00e4nde d\u00fcrfen die Kinder erraten, um welches M\u00e4rchen es sich handelt und dieses ganz nach ihrer Erinnerung und M\u00f6glichkeit nacherz\u00e4hlen.<\/p>\n<p>Erst in einem sp\u00e4teren Schritt lesen die Erzieherinnen das M\u00e4rchen vor und wird dann von den Kindern nachgespielt.<br \/>\nDabei ist uns das genaue Beobachten sowie ausreichend Zeit zur Auseinandersetzung und Verarbeitung besonders wichtig.<\/p>\n<p><em>Wussten Sie schon?<\/em><br \/>\n<em>Dass im M\u00e4rchen am Ende das Gute extrem belohnt und das B\u00f6se extrem bestraft wird?<\/em><\/p>\n","protected":false},"excerpt":{"rendered":"<p>M\u00e4rchen sind in ihrer Art ganz besonders. Sie erz\u00e4hlen nicht nur von den guten und sch\u00f6nen Seiten, sondern greifen meistens auf allt\u00e4gliche Lebenssituationen zur\u00fcck.&nbsp; Dabei zeigen sie Wege der Konflikt- oder Probleml\u00f6sung auf, die auch von Kindern verstanden werden. Daher sind M\u00e4rchen ein wichtiges Volksgut das wir pflegen m\u00f6chten. So beginnen wir nun unsere M\u00e4rchenwochen.&hellip; <a href=\"https:\/\/waldkindergarten-berglen.de\/?p=2028\" class=\"more-link\">Weiterlesen <span class=\"screen-reader-text\">Wir begeben uns in die Welt der M\u00e4rchen<\/span><\/a><\/p>\n","protected":false},"author":1,"featured_media":0,"comment_status":"closed","ping_status":"closed","sticky":false,"template":"","format":"standard","meta":{"ngg_post_thumbnail":0,"_jetpack_memberships_contains_paid_content":false,"footnotes":""},"categories":[3],"tags":[],"class_list":["post-2028","post","type-post","status-publish","format-standard","hentry","category-berichte"],"jetpack_featured_media_url":"","jetpack_sharing_enabled":true,"_links":{"self":[{"href":"https:\/\/waldkindergarten-berglen.de\/index.php?rest_route=\/wp\/v2\/posts\/2028","targetHints":{"allow":["GET"]}}],"collection":[{"href":"https:\/\/waldkindergarten-berglen.de\/index.php?rest_route=\/wp\/v2\/posts"}],"about":[{"href":"https:\/\/waldkindergarten-berglen.de\/index.php?rest_route=\/wp\/v2\/types\/post"}],"author":[{"embeddable":true,"href":"https:\/\/waldkindergarten-berglen.de\/index.php?rest_route=\/wp\/v2\/users\/1"}],"replies":[{"embeddable":true,"href":"https:\/\/waldkindergarten-berglen.de\/index.php?rest_route=%2Fwp%2Fv2%2Fcomments&post=2028"}],"version-history":[{"count":0,"href":"https:\/\/waldkindergarten-berglen.de\/index.php?rest_route=\/wp\/v2\/posts\/2028\/revisions"}],"wp:attachment":[{"href":"https:\/\/waldkindergarten-berglen.de\/index.php?rest_route=%2Fwp%2Fv2%2Fmedia&parent=2028"}],"wp:term":[{"taxonomy":"category","embeddable":true,"href":"https:\/\/waldkindergarten-berglen.de\/index.php?rest_route=%2Fwp%2Fv2%2Fcategories&post=2028"},{"taxonomy":"post_tag","embeddable":true,"href":"https:\/\/waldkindergarten-berglen.de\/index.php?rest_route=%2Fwp%2Fv2%2Ftags&post=2028"}],"curies":[{"name":"wp","href":"https:\/\/api.w.org\/{rel}","templated":true}]}}