{"id":2030,"date":"2014-01-27T12:00:42","date_gmt":"2014-01-27T12:00:42","guid":{"rendered":"http:\/\/waldkindergarten-berglen.de\/?p=2030"},"modified":"2014-01-27T12:00:42","modified_gmt":"2014-01-27T12:00:42","slug":"wie-sieht-denn-schnee-aus","status":"publish","type":"post","link":"https:\/\/waldkindergarten-berglen.de\/?p=2030","title":{"rendered":"Wie sieht denn Schnee aus?"},"content":{"rendered":"<p>Vor kurzem kam die kleine Raupe Nimmersatt zu unseren gro\u00dfen F\u00fcchsen in den Wald in die Fuchsschule. Sie hatte noch nie Schnee gesehen und fragte die Kinder: \u00abWie sieht denn Schnee aus und was kann man mit Schnee machen?\u00bb Das wollten die Kinder ihr dann gerne erkl\u00e4ren.<\/p>\n<p>Weiter wollte sie wissen, ob die Kinder auch schon einen Schneemann gebaut h\u00e4tten. Die Kinder durften erz\u00e4hlen, was sie dazu brauchen: Eine Karotte f\u00fcr die Nase, einen Topf als Hut, einen Besen\u2026<\/p>\n<p>Die Raupe hat den Kindern auch noch Spiele mitgebracht. Zusammen spielten sie Memory und wie viele Dinge siehst du.<\/p>\n<p>Unsere kleinen Eichh\u00f6rnchen und M\u00e4use wurden ganz neugierig, was die F\u00fcchse in der Fuchsschule immer so machen. Deshalb durften sie in dieser Woche einmal in die M\u00e4useschule gehen.<\/p>\n<figure id=\"attachment_2044\" aria-describedby=\"caption-attachment-2044\" style=\"width: 460px\" class=\"wp-caption alignnone\"><img loading=\"lazy\" decoding=\"async\" width=\"460\" height=\"345\" class=\"size-full wp-image-2044\" alt=\"Tempo, kleine Schnecke\" src=\"http:\/\/waldkindergarten-berglen.de\/wp-content\/uploads\/2016\/11\/827-1-1.jpg\"><figcaption id=\"caption-attachment-2044\" class=\"wp-caption-text\">Tempo, kleine Schnecke<\/figcaption><\/figure>\n<figure id=\"attachment_2042\" aria-describedby=\"caption-attachment-2042\" style=\"width: 345px\" class=\"wp-caption alignnone\"><img loading=\"lazy\" decoding=\"async\" width=\"345\" height=\"460\" class=\"size-full wp-image-2042\" alt=\"Wir experimentieren mit Stiften\" src=\"http:\/\/waldkindergarten-berglen.de\/wp-content\/uploads\/2016\/11\/828-1-1.jpg\"><figcaption id=\"caption-attachment-2042\" class=\"wp-caption-text\">Wir experimentieren mit Stiften<\/figcaption><\/figure>\n<p>Dort haben sie Tempo, kleine Schnecke gespielt. Auch mit Scheren und Stiften durften sie experimentieren, haben Bilder gemalt und ausgeschnitten.<\/p>\n<p><em>Wussten Sie schon?<\/em><br \/>\n<em>Schmetterlinge m\u00fcssen sich als wechselwarme Tiere erst aufw\u00e4rmen, bevor sie fliegen k\u00f6nnen. Tagfalter nutzen dazu die Sonne, durch ihre gro\u00dfen Fl\u00fcgel funktioniert dies auch bei bedecktem Himmel.<\/em><\/p>\n","protected":false},"excerpt":{"rendered":"<p>Vor kurzem kam die kleine Raupe Nimmersatt zu unseren gro\u00dfen F\u00fcchsen in den Wald in die Fuchsschule. Sie hatte noch nie Schnee gesehen und fragte die Kinder: \u00abWie sieht denn Schnee aus und was kann man mit Schnee machen?\u00bb Das wollten die Kinder ihr dann gerne erkl\u00e4ren. Weiter wollte sie wissen, ob die Kinder auch&hellip; <a href=\"https:\/\/waldkindergarten-berglen.de\/?p=2030\" class=\"more-link\">Weiterlesen <span class=\"screen-reader-text\">Wie sieht denn Schnee aus?<\/span><\/a><\/p>\n","protected":false},"author":1,"featured_media":0,"comment_status":"closed","ping_status":"closed","sticky":false,"template":"","format":"standard","meta":{"ngg_post_thumbnail":0,"_jetpack_memberships_contains_paid_content":false,"footnotes":""},"categories":[3],"tags":[],"class_list":["post-2030","post","type-post","status-publish","format-standard","hentry","category-berichte"],"jetpack_featured_media_url":"","jetpack_sharing_enabled":true,"_links":{"self":[{"href":"https:\/\/waldkindergarten-berglen.de\/index.php?rest_route=\/wp\/v2\/posts\/2030","targetHints":{"allow":["GET"]}}],"collection":[{"href":"https:\/\/waldkindergarten-berglen.de\/index.php?rest_route=\/wp\/v2\/posts"}],"about":[{"href":"https:\/\/waldkindergarten-berglen.de\/index.php?rest_route=\/wp\/v2\/types\/post"}],"author":[{"embeddable":true,"href":"https:\/\/waldkindergarten-berglen.de\/index.php?rest_route=\/wp\/v2\/users\/1"}],"replies":[{"embeddable":true,"href":"https:\/\/waldkindergarten-berglen.de\/index.php?rest_route=%2Fwp%2Fv2%2Fcomments&post=2030"}],"version-history":[{"count":0,"href":"https:\/\/waldkindergarten-berglen.de\/index.php?rest_route=\/wp\/v2\/posts\/2030\/revisions"}],"wp:attachment":[{"href":"https:\/\/waldkindergarten-berglen.de\/index.php?rest_route=%2Fwp%2Fv2%2Fmedia&parent=2030"}],"wp:term":[{"taxonomy":"category","embeddable":true,"href":"https:\/\/waldkindergarten-berglen.de\/index.php?rest_route=%2Fwp%2Fv2%2Fcategories&post=2030"},{"taxonomy":"post_tag","embeddable":true,"href":"https:\/\/waldkindergarten-berglen.de\/index.php?rest_route=%2Fwp%2Fv2%2Ftags&post=2030"}],"curies":[{"name":"wp","href":"https:\/\/api.w.org\/{rel}","templated":true}]}}