{"id":2046,"date":"2014-01-20T12:00:07","date_gmt":"2014-01-20T12:00:07","guid":{"rendered":"http:\/\/waldkindergarten-berglen.de\/?p=2046"},"modified":"2014-01-20T12:00:07","modified_gmt":"2014-01-20T12:00:07","slug":"wenn-jaeger-jagen-weichen-wir","status":"publish","type":"post","link":"https:\/\/waldkindergarten-berglen.de\/?p=2046","title":{"rendered":"Wenn J\u00e4ger jagen weichen wir"},"content":{"rendered":"<p>Unser Waldkindergarten steht in engem Kontakt mit F\u00f6rster und J\u00e4gern! Regelm\u00e4\u00dfig tauschen sich die Erzieherinnen mit den \u00abBesch\u00fctzern des Waldes und der Waldtiere\u00bb aus. So sind alle Parteien stets genauestens \u00fcber Aktionen und Begebenheiten im Wald informiert.<\/p>\n<p>Als nun die diesj\u00e4hrige Treibjagd im Kottweiler Wald anstand, besprachen sich die Erzieherinnen mit dem J\u00e4ger Herrn G\u00f6nnenwein \u00fcber eine geeignete Ausweichm\u00f6glichkeit f\u00fcr die Waldkinder.<\/p>\n<p>Gemeinsam kamen sie zu dem Schluss, dass am Tag der Treibjagd der&nbsp; Buocher Spielplatz mit seinem angrenzenden Wald eine tolle Alternative bietet.<br \/>\nDie Waldkinder erkundeten in einem Waldrundgang die neue Umgebung und versuchten sich auf dem Trimm-dich-Pfad.<\/p>\n<p>Danach feierten Wichtel Geburtstag, w\u00e4hrend die Zwerge im nahegelegenen Stall Pferde, Ziegen und eine Gans besuchen durften!<br \/>\nDieser Tag bot viele neue Eindr\u00fccke und M\u00f6glichkeiten!<\/p>\n<p>Vielen Dank an unsere Erzieherinnen und Drittkr\u00e4fte f\u00fcr die unglaubliche Flexibilit\u00e4t und Weitsicht!!<\/p>\n<p>Vielen herzlichen Dank an dieser Stelle an den J\u00e4ger Herr G\u00f6nnenwein und seine Kollegen, unserem F\u00f6rster Harald Gra\u00df, sowie&nbsp; alle anderen, die uns durch ihre beispiellose Kooperation tagt\u00e4glich wieder einen unbeschwerten Waldvormittag erm\u00f6glichen!<\/p>\n<p><em>Wussten Sie schon?<\/em><br \/>\n<em>Dass bei der letztj\u00e4hrigen Treibjagd um die 120 Wildschweine und in diesem Jahr nur ca. 20 Wildschweine im Kottweiler Wald geschossen wurden?<\/em><\/p>\n","protected":false},"excerpt":{"rendered":"<p>Unser Waldkindergarten steht in engem Kontakt mit F\u00f6rster und J\u00e4gern! Regelm\u00e4\u00dfig tauschen sich die Erzieherinnen mit den \u00abBesch\u00fctzern des Waldes und der Waldtiere\u00bb aus. So sind alle Parteien stets genauestens \u00fcber Aktionen und Begebenheiten im Wald informiert. Als nun die diesj\u00e4hrige Treibjagd im Kottweiler Wald anstand, besprachen sich die Erzieherinnen mit dem J\u00e4ger Herrn G\u00f6nnenwein&hellip; <a href=\"https:\/\/waldkindergarten-berglen.de\/?p=2046\" class=\"more-link\">Weiterlesen <span class=\"screen-reader-text\">Wenn J\u00e4ger jagen weichen wir<\/span><\/a><\/p>\n","protected":false},"author":1,"featured_media":0,"comment_status":"closed","ping_status":"closed","sticky":false,"template":"","format":"standard","meta":{"ngg_post_thumbnail":0,"_jetpack_memberships_contains_paid_content":false,"footnotes":""},"categories":[3],"tags":[],"class_list":["post-2046","post","type-post","status-publish","format-standard","hentry","category-berichte"],"jetpack_featured_media_url":"","jetpack_sharing_enabled":true,"_links":{"self":[{"href":"https:\/\/waldkindergarten-berglen.de\/index.php?rest_route=\/wp\/v2\/posts\/2046","targetHints":{"allow":["GET"]}}],"collection":[{"href":"https:\/\/waldkindergarten-berglen.de\/index.php?rest_route=\/wp\/v2\/posts"}],"about":[{"href":"https:\/\/waldkindergarten-berglen.de\/index.php?rest_route=\/wp\/v2\/types\/post"}],"author":[{"embeddable":true,"href":"https:\/\/waldkindergarten-berglen.de\/index.php?rest_route=\/wp\/v2\/users\/1"}],"replies":[{"embeddable":true,"href":"https:\/\/waldkindergarten-berglen.de\/index.php?rest_route=%2Fwp%2Fv2%2Fcomments&post=2046"}],"version-history":[{"count":0,"href":"https:\/\/waldkindergarten-berglen.de\/index.php?rest_route=\/wp\/v2\/posts\/2046\/revisions"}],"wp:attachment":[{"href":"https:\/\/waldkindergarten-berglen.de\/index.php?rest_route=%2Fwp%2Fv2%2Fmedia&parent=2046"}],"wp:term":[{"taxonomy":"category","embeddable":true,"href":"https:\/\/waldkindergarten-berglen.de\/index.php?rest_route=%2Fwp%2Fv2%2Fcategories&post=2046"},{"taxonomy":"post_tag","embeddable":true,"href":"https:\/\/waldkindergarten-berglen.de\/index.php?rest_route=%2Fwp%2Fv2%2Ftags&post=2046"}],"curies":[{"name":"wp","href":"https:\/\/api.w.org\/{rel}","templated":true}]}}