{"id":2050,"date":"2014-01-06T12:00:45","date_gmt":"2014-01-06T12:00:45","guid":{"rendered":"http:\/\/waldkindergarten-berglen.de\/?p=2050"},"modified":"2014-01-06T12:00:45","modified_gmt":"2014-01-06T12:00:45","slug":"wir-haben-uns-wieder","status":"publish","type":"post","link":"https:\/\/waldkindergarten-berglen.de\/?p=2050","title":{"rendered":"Wir haben uns wieder!"},"content":{"rendered":"<p>Nach den Weihnachtsferien freuten sich alle auf das Wiedersehen im Neuen Jahr!<br \/>\nEs gibt viel zu erz\u00e4hlen und alle haben das gemeinsame Spiel und die t\u00e4glichen Unternehmungen im Wald schon sehr vermisst!<br \/>\nDeshalb nutzen die Zwerge und die Wichtel die ersten Tage nach den Ferien um erst einmal wieder richtig im Wald anzukommen!<\/p>\n<p><strong>Wir w\u00fcnschen Ihnen ein wundersch\u00f6nes und vor allem gesundes Jahr 2014!<\/strong><\/p>\n<p><em>Wussten Sie schon?<\/em><br \/>\n<em>Dass Stockenten eine Art W\u00e4rmetauscher in ihren Beinen haben, um das Blut von 40\u00b0C auf 6\u00b0C herunter zu k\u00fchlen, bevor es in die F\u00fc\u00dfe str\u00f6mt, um zu verhindern, dass warme F\u00fc\u00dfe das Eis antauen und dann sofort festfrieren?<\/em><\/p>\n","protected":false},"excerpt":{"rendered":"<p>Nach den Weihnachtsferien freuten sich alle auf das Wiedersehen im Neuen Jahr! Es gibt viel zu erz\u00e4hlen und alle haben das gemeinsame Spiel und die t\u00e4glichen Unternehmungen im Wald schon sehr vermisst! Deshalb nutzen die Zwerge und die Wichtel die ersten Tage nach den Ferien um erst einmal wieder richtig im Wald anzukommen! Wir w\u00fcnschen&hellip; <a href=\"https:\/\/waldkindergarten-berglen.de\/?p=2050\" class=\"more-link\">Weiterlesen <span class=\"screen-reader-text\">Wir haben uns wieder!<\/span><\/a><\/p>\n","protected":false},"author":1,"featured_media":0,"comment_status":"closed","ping_status":"closed","sticky":false,"template":"","format":"standard","meta":{"ngg_post_thumbnail":0,"_jetpack_memberships_contains_paid_content":false,"footnotes":""},"categories":[3],"tags":[],"class_list":["post-2050","post","type-post","status-publish","format-standard","hentry","category-berichte"],"jetpack_featured_media_url":"","jetpack_sharing_enabled":true,"_links":{"self":[{"href":"https:\/\/waldkindergarten-berglen.de\/index.php?rest_route=\/wp\/v2\/posts\/2050","targetHints":{"allow":["GET"]}}],"collection":[{"href":"https:\/\/waldkindergarten-berglen.de\/index.php?rest_route=\/wp\/v2\/posts"}],"about":[{"href":"https:\/\/waldkindergarten-berglen.de\/index.php?rest_route=\/wp\/v2\/types\/post"}],"author":[{"embeddable":true,"href":"https:\/\/waldkindergarten-berglen.de\/index.php?rest_route=\/wp\/v2\/users\/1"}],"replies":[{"embeddable":true,"href":"https:\/\/waldkindergarten-berglen.de\/index.php?rest_route=%2Fwp%2Fv2%2Fcomments&post=2050"}],"version-history":[{"count":0,"href":"https:\/\/waldkindergarten-berglen.de\/index.php?rest_route=\/wp\/v2\/posts\/2050\/revisions"}],"wp:attachment":[{"href":"https:\/\/waldkindergarten-berglen.de\/index.php?rest_route=%2Fwp%2Fv2%2Fmedia&parent=2050"}],"wp:term":[{"taxonomy":"category","embeddable":true,"href":"https:\/\/waldkindergarten-berglen.de\/index.php?rest_route=%2Fwp%2Fv2%2Fcategories&post=2050"},{"taxonomy":"post_tag","embeddable":true,"href":"https:\/\/waldkindergarten-berglen.de\/index.php?rest_route=%2Fwp%2Fv2%2Ftags&post=2050"}],"curies":[{"name":"wp","href":"https:\/\/api.w.org\/{rel}","templated":true}]}}