{"id":2056,"date":"2013-12-02T12:00:09","date_gmt":"2013-12-02T12:00:09","guid":{"rendered":"http:\/\/waldkindergarten-berglen.de\/?p=2056"},"modified":"2013-12-02T12:00:09","modified_gmt":"2013-12-02T12:00:09","slug":"advent-advent-2","status":"publish","type":"post","link":"https:\/\/waldkindergarten-berglen.de\/?p=2056","title":{"rendered":"Advent, Advent,\u2026"},"content":{"rendered":"<p>\u2026 die erste Kerze brennt, die Weihnachtszeit beginnt. Da bereiten sich auch unsere Waldkinder auf Weihnachten vor. Einige Pl\u00e4tze der Kinder wurden als \u00abWeihnachtspl\u00e4tze\u00bb heimelig eingerichtet. Sie wurden mit Fichten- und Douglasien-Zweigen geschm\u00fcckt.<\/p>\n<p>Au\u00dferdem haben sich die Waldkinder Gedanken gemacht, was die Tiere im Winter machen. Sie haben erfahren, dass Igel in Bl\u00e4tterhaufen einen Winterschlaf machen und der Dachs in seinem Bau schl\u00e4ft, aber zum Vespern wach wird.<\/p>\n<p>Daneben haben sich die Kinder ihre Adventskerze gemacht. Sie haben mit Ausstechformen aus Ton Sterne ausgestochen. Diese haben sie dann mit Moos geschm\u00fcckt und ein Teelicht daraufgestellt. Und weil im Advent auch ein Adventskalender immer sch\u00f6n ist, wollten&nbsp; die Kinder und Eltern den Erzieherinnen eine Freude machen und haben Adventskalender gebastelt.<\/p>\n<figure id=\"attachment_2130\" aria-describedby=\"caption-attachment-2130\" style=\"width: 345px\" class=\"wp-caption alignnone\"><img loading=\"lazy\" decoding=\"async\" width=\"345\" height=\"460\" class=\"size-full wp-image-2130\" alt=\"Adventskalender\" src=\"http:\/\/waldkindergarten-berglen.de\/wp-content\/uploads\/2013\/12\/818-1-1.jpg\"><figcaption id=\"caption-attachment-2130\" class=\"wp-caption-text\">Adventskalender<\/figcaption><\/figure>\n<p><em>Wussten Sie schon?<\/em><br \/>\n<em> Bei den Eichh\u00f6rnchen haben die Kobel meist zwei Schlupfl\u00f6cher, eines davon nach unten, da die Eichh\u00f6rnchen anders als die V\u00f6gel von unten in ihre Behausung gehen.&nbsp;&nbsp;<\/em><\/p>\n","protected":false},"excerpt":{"rendered":"<p>\u2026 die erste Kerze brennt, die Weihnachtszeit beginnt. Da bereiten sich auch unsere Waldkinder auf Weihnachten vor. Einige Pl\u00e4tze der Kinder wurden als \u00abWeihnachtspl\u00e4tze\u00bb heimelig eingerichtet. Sie wurden mit Fichten- und Douglasien-Zweigen geschm\u00fcckt. Au\u00dferdem haben sich die Waldkinder Gedanken gemacht, was die Tiere im Winter machen. Sie haben erfahren, dass Igel in Bl\u00e4tterhaufen einen Winterschlaf&hellip; <a href=\"https:\/\/waldkindergarten-berglen.de\/?p=2056\" class=\"more-link\">Weiterlesen <span class=\"screen-reader-text\">Advent, Advent,\u2026<\/span><\/a><\/p>\n","protected":false},"author":1,"featured_media":0,"comment_status":"closed","ping_status":"closed","sticky":false,"template":"","format":"standard","meta":{"ngg_post_thumbnail":0,"_jetpack_memberships_contains_paid_content":false,"footnotes":""},"categories":[3],"tags":[],"class_list":["post-2056","post","type-post","status-publish","format-standard","hentry","category-berichte"],"jetpack_featured_media_url":"","jetpack_sharing_enabled":true,"_links":{"self":[{"href":"https:\/\/waldkindergarten-berglen.de\/index.php?rest_route=\/wp\/v2\/posts\/2056","targetHints":{"allow":["GET"]}}],"collection":[{"href":"https:\/\/waldkindergarten-berglen.de\/index.php?rest_route=\/wp\/v2\/posts"}],"about":[{"href":"https:\/\/waldkindergarten-berglen.de\/index.php?rest_route=\/wp\/v2\/types\/post"}],"author":[{"embeddable":true,"href":"https:\/\/waldkindergarten-berglen.de\/index.php?rest_route=\/wp\/v2\/users\/1"}],"replies":[{"embeddable":true,"href":"https:\/\/waldkindergarten-berglen.de\/index.php?rest_route=%2Fwp%2Fv2%2Fcomments&post=2056"}],"version-history":[{"count":0,"href":"https:\/\/waldkindergarten-berglen.de\/index.php?rest_route=\/wp\/v2\/posts\/2056\/revisions"}],"wp:attachment":[{"href":"https:\/\/waldkindergarten-berglen.de\/index.php?rest_route=%2Fwp%2Fv2%2Fmedia&parent=2056"}],"wp:term":[{"taxonomy":"category","embeddable":true,"href":"https:\/\/waldkindergarten-berglen.de\/index.php?rest_route=%2Fwp%2Fv2%2Fcategories&post=2056"},{"taxonomy":"post_tag","embeddable":true,"href":"https:\/\/waldkindergarten-berglen.de\/index.php?rest_route=%2Fwp%2Fv2%2Ftags&post=2056"}],"curies":[{"name":"wp","href":"https:\/\/api.w.org\/{rel}","templated":true}]}}