{"id":2058,"date":"2013-11-25T12:00:59","date_gmt":"2013-11-25T12:00:59","guid":{"rendered":"http:\/\/waldkindergarten-berglen.de\/?p=2058"},"modified":"2013-11-25T12:00:59","modified_gmt":"2013-11-25T12:00:59","slug":"eltern-schaffen-schoene-plaetze","status":"publish","type":"post","link":"https:\/\/waldkindergarten-berglen.de\/?p=2058","title":{"rendered":"Eltern schaffen sch\u00f6ne Pl\u00e4tze"},"content":{"rendered":"<p>Wieder einmal war es soweit: Viele Waldkindieltern erkl\u00e4rten sich bereit, gemeinsam anzupacken, um ihren Kindern die sch\u00f6nen Aufenthaltspl\u00e4tze im Wald zu erhalten bzw. auszubessern!<\/p>\n<p>Gemeinsam sind wir stark! Und so wurde wieder richtig viel geschafft:<\/p>\n<ul>\n<li>Am Stallplatz wurde das Waldsofa verbessert<\/li>\n<li>f\u00fcr den Winnetouplatz wurden Holzrugel als Tische f\u00fcr die Erzieherinnen gemacht und platziert<\/li>\n<li>bei der \u00abDicken Berta\u00bb wurde eine neue Sitzecke aus Baumst\u00e4mmen errichtet<\/li>\n<li>die Sitzrugel am Sonnenplatz wurden durch breitere Standf\u00fc\u00dfe verbessert<\/li>\n<li>das Weidentipi wurde wieder eingeflochten<\/li>\n<li>und es wurde viel Holz f\u00fcr den Winter gemacht!<\/li>\n<\/ul>\n<p>Wieder einmal war der Arbeitseinsatz sehr erfolgreich! Jeder tr\u00e4gt mit seinen ganz eigenen Kompetenzen Wertvolles zum Gelingen bei! Und es ist immer wieder sch\u00f6n, mit wie viel Spa\u00df bei sehr guter Verpflegung so viel f\u00fcr unsere Kinder geleistet wird!<\/p>\n<figure id=\"attachment_2127\" aria-describedby=\"caption-attachment-2127\" style=\"width: 460px\" class=\"wp-caption alignnone\"><img loading=\"lazy\" decoding=\"async\" width=\"460\" height=\"345\" class=\"size-full wp-image-2127\" alt=\"Eine wohlverdiente Pause\" src=\"http:\/\/waldkindergarten-berglen.de\/wp-content\/uploads\/2013\/11\/817-1-1.jpg\"><figcaption id=\"caption-attachment-2127\" class=\"wp-caption-text\">Eine wohlverdiente Pause<\/figcaption><\/figure>\n<p>Vielen herzlichen Dank an dieser Stelle f\u00fcr diesen tollen Zusammenhalt im Waldkindergarten!<\/p>\n<p><em>Wussten Sie schon?<\/em><br \/>\n<em>Dass die Haselmaus sieben Monate Winterschlaf h\u00e4lt und dabei ihre K\u00f6rpertemperatur von 35\u00b0C auf 0,5\u00b0C senkt?<\/em><\/p>\n<h4>Mitgliederversammlung<\/h4>\n<p>An unserer Mitgliederversammlung am 22.10.2013 wurde bei den Neuwahlen teilweise der bisherige Vorstand neu besetzt.<\/p>\n<p>Als Vorstand des Waldkindergarten Berglen e.V. wurden neu gew\u00e4hlt:<br \/>\n2. Vorstand: Martina Wind<br \/>\nKassenwart: Annette W\u00f6hrle<br \/>\nBeisitzer: Michaela Greiner, Heide B\u00fchner und Marko M\u00fcnster.<br \/>\nKassenpr\u00fcfer: Jana Lindner und Steffen Wilhelm<\/p>\n<p>Wir danken den scheidenden Amtstr\u00e4gern f\u00fcr ihr langj\u00e4hriges Engagement und ihre tolle Arbeit f\u00fcr die Kinder und w\u00fcnschen der neuen Vorstandschaft viel Freude und gutes Gelingen im Wald.<\/p>\n","protected":false},"excerpt":{"rendered":"<p>Wieder einmal war es soweit: Viele Waldkindieltern erkl\u00e4rten sich bereit, gemeinsam anzupacken, um ihren Kindern die sch\u00f6nen Aufenthaltspl\u00e4tze im Wald zu erhalten bzw. auszubessern! Gemeinsam sind wir stark! Und so wurde wieder richtig viel geschafft: Am Stallplatz wurde das Waldsofa verbessert f\u00fcr den Winnetouplatz wurden Holzrugel als Tische f\u00fcr die Erzieherinnen gemacht und platziert bei&hellip; <a href=\"https:\/\/waldkindergarten-berglen.de\/?p=2058\" class=\"more-link\">Weiterlesen <span class=\"screen-reader-text\">Eltern schaffen sch\u00f6ne Pl\u00e4tze<\/span><\/a><\/p>\n","protected":false},"author":1,"featured_media":0,"comment_status":"closed","ping_status":"closed","sticky":false,"template":"","format":"standard","meta":{"ngg_post_thumbnail":0,"_jetpack_memberships_contains_paid_content":false,"footnotes":""},"categories":[3],"tags":[],"class_list":["post-2058","post","type-post","status-publish","format-standard","hentry","category-berichte"],"jetpack_featured_media_url":"","jetpack_sharing_enabled":true,"_links":{"self":[{"href":"https:\/\/waldkindergarten-berglen.de\/index.php?rest_route=\/wp\/v2\/posts\/2058","targetHints":{"allow":["GET"]}}],"collection":[{"href":"https:\/\/waldkindergarten-berglen.de\/index.php?rest_route=\/wp\/v2\/posts"}],"about":[{"href":"https:\/\/waldkindergarten-berglen.de\/index.php?rest_route=\/wp\/v2\/types\/post"}],"author":[{"embeddable":true,"href":"https:\/\/waldkindergarten-berglen.de\/index.php?rest_route=\/wp\/v2\/users\/1"}],"replies":[{"embeddable":true,"href":"https:\/\/waldkindergarten-berglen.de\/index.php?rest_route=%2Fwp%2Fv2%2Fcomments&post=2058"}],"version-history":[{"count":0,"href":"https:\/\/waldkindergarten-berglen.de\/index.php?rest_route=\/wp\/v2\/posts\/2058\/revisions"}],"wp:attachment":[{"href":"https:\/\/waldkindergarten-berglen.de\/index.php?rest_route=%2Fwp%2Fv2%2Fmedia&parent=2058"}],"wp:term":[{"taxonomy":"category","embeddable":true,"href":"https:\/\/waldkindergarten-berglen.de\/index.php?rest_route=%2Fwp%2Fv2%2Fcategories&post=2058"},{"taxonomy":"post_tag","embeddable":true,"href":"https:\/\/waldkindergarten-berglen.de\/index.php?rest_route=%2Fwp%2Fv2%2Ftags&post=2058"}],"curies":[{"name":"wp","href":"https:\/\/api.w.org\/{rel}","templated":true}]}}