{"id":2060,"date":"2013-11-18T12:00:54","date_gmt":"2013-11-18T12:00:54","guid":{"rendered":"http:\/\/waldkindergarten-berglen.de\/?p=2060"},"modified":"2013-11-18T12:00:54","modified_gmt":"2013-11-18T12:00:54","slug":"laterne-laterne-sonne-mond-und-sterne","status":"publish","type":"post","link":"https:\/\/waldkindergarten-berglen.de\/?p=2060","title":{"rendered":"Laterne, Laterne, Sonne, Mond und Sterne\u2026"},"content":{"rendered":"<p>Lange haben unsere Waldkinder auf ihr Laternenfest hingearbeitet. Sie haben ihre Laternen gebastelt. Es wurde ges\u00e4gt, ein Nagel als Kerzenhalter eingeschlagen und Hasendraht um ein Holzst\u00fcck gepinnt. Mit kleinen \u00c4pfeln, Hagebutten, Kiefernzapfen und Bl\u00e4ttern wurde die Laterne verziert. Jede Laterne wurde ein Unikat.<\/p>\n<p>Dann war der gro\u00dfe Tag da. Die Kinder wurden mit ihrer Familie am Morgenkreis empfangen. Gemeinsam haben alle zur Einstimmung \u00abLaterne, Laterne, Sonne, Mond und Sterne, \u2026\u00bb gesungen. Weiter ging es in den Wald. Lichtlein leuchteten auf dem Weg zum n\u00e4chsten Platz. Wir durften ein Schattenspiel sehen. Die Dunkelheit und die Lichtlein erzeugten eine ganz besondere Atmosph\u00e4re.<\/p>\n<figure id=\"attachment_2122\" aria-describedby=\"caption-attachment-2122\" style=\"width: 460px\" class=\"wp-caption alignnone\"><img loading=\"lazy\" decoding=\"async\" width=\"460\" height=\"345\" class=\"size-full wp-image-2122\" alt=\"Schattenspiel\" src=\"http:\/\/waldkindergarten-berglen.de\/wp-content\/uploads\/2013\/11\/815-1-1.jpg\"><figcaption id=\"caption-attachment-2122\" class=\"wp-caption-text\">Schattenspiel<\/figcaption><\/figure>\n<figure id=\"attachment_2123\" aria-describedby=\"caption-attachment-2123\" style=\"width: 460px\" class=\"wp-caption alignnone\"><img loading=\"lazy\" decoding=\"async\" width=\"460\" height=\"345\" class=\"size-full wp-image-2123\" alt=\"Meine Laterne brennt sch\u00f6n\" src=\"http:\/\/waldkindergarten-berglen.de\/wp-content\/uploads\/2013\/11\/816-1-1.jpg\"><figcaption id=\"caption-attachment-2123\" class=\"wp-caption-text\">Meine Laterne brennt sch\u00f6n<\/figcaption><\/figure>\n<p>Nach dem Schattenspiel erhielt jedes Kind seine selbst gebastelte Laterne. Damit durfte es seiner Familie auf dem Weg zur n\u00e4chsten Station leuchten. Dort spielten Fuchskinder die Geschichte von St. Martin. Andere Kinder machten einen Tanz zu einem Laternenlied.<\/p>\n<p>Zum Abschluss wurden alle neben einem Lagerfeuer mit Gulaschsuppe, Grie\u00dfkl\u00f6\u00dfchensuppe, Mault\u00e4schchen und Punsch verw\u00f6hnt. Es war ein sch\u00f6nes Laternenfest.<\/p>\n<p>Wir bedanken uns bei unseren K\u00f6chinnen und allen Helfern, die das Fest organisiert haben. Ein herzliches Dankesch\u00f6n auch an Familie Klein von der Berglesstube, dass wir unsere Suppe dort kochen durften.<\/p>\n<p><em>Wussten Sie schon?<\/em><br \/>\n<em> Laterne laufen hat mehrere Wurzeln: Leute haben am Grab des Heiligen St. Martin Lichterprozessionen gemacht. Daneben wurde Licht und Feuer um den 11. November wieder wichtig, weil es kalt und fr\u00fch dunkel wurde. Au\u00dferdem hatten die Bauern ihre Felder abgeerntet und haben beim Erntedankfest Feuer auf ihren Feldern angez\u00fcndet.<\/em><\/p>\n","protected":false},"excerpt":{"rendered":"<p>Lange haben unsere Waldkinder auf ihr Laternenfest hingearbeitet. Sie haben ihre Laternen gebastelt. Es wurde ges\u00e4gt, ein Nagel als Kerzenhalter eingeschlagen und Hasendraht um ein Holzst\u00fcck gepinnt. Mit kleinen \u00c4pfeln, Hagebutten, Kiefernzapfen und Bl\u00e4ttern wurde die Laterne verziert. Jede Laterne wurde ein Unikat. Dann war der gro\u00dfe Tag da. Die Kinder wurden mit ihrer Familie&hellip; <a href=\"https:\/\/waldkindergarten-berglen.de\/?p=2060\" class=\"more-link\">Weiterlesen <span class=\"screen-reader-text\">Laterne, Laterne, Sonne, Mond und Sterne\u2026<\/span><\/a><\/p>\n","protected":false},"author":1,"featured_media":0,"comment_status":"closed","ping_status":"closed","sticky":false,"template":"","format":"standard","meta":{"ngg_post_thumbnail":0,"_jetpack_memberships_contains_paid_content":false,"footnotes":""},"categories":[3],"tags":[],"class_list":["post-2060","post","type-post","status-publish","format-standard","hentry","category-berichte"],"jetpack_featured_media_url":"","jetpack_sharing_enabled":true,"_links":{"self":[{"href":"https:\/\/waldkindergarten-berglen.de\/index.php?rest_route=\/wp\/v2\/posts\/2060","targetHints":{"allow":["GET"]}}],"collection":[{"href":"https:\/\/waldkindergarten-berglen.de\/index.php?rest_route=\/wp\/v2\/posts"}],"about":[{"href":"https:\/\/waldkindergarten-berglen.de\/index.php?rest_route=\/wp\/v2\/types\/post"}],"author":[{"embeddable":true,"href":"https:\/\/waldkindergarten-berglen.de\/index.php?rest_route=\/wp\/v2\/users\/1"}],"replies":[{"embeddable":true,"href":"https:\/\/waldkindergarten-berglen.de\/index.php?rest_route=%2Fwp%2Fv2%2Fcomments&post=2060"}],"version-history":[{"count":0,"href":"https:\/\/waldkindergarten-berglen.de\/index.php?rest_route=\/wp\/v2\/posts\/2060\/revisions"}],"wp:attachment":[{"href":"https:\/\/waldkindergarten-berglen.de\/index.php?rest_route=%2Fwp%2Fv2%2Fmedia&parent=2060"}],"wp:term":[{"taxonomy":"category","embeddable":true,"href":"https:\/\/waldkindergarten-berglen.de\/index.php?rest_route=%2Fwp%2Fv2%2Fcategories&post=2060"},{"taxonomy":"post_tag","embeddable":true,"href":"https:\/\/waldkindergarten-berglen.de\/index.php?rest_route=%2Fwp%2Fv2%2Ftags&post=2060"}],"curies":[{"name":"wp","href":"https:\/\/api.w.org\/{rel}","templated":true}]}}