{"id":2070,"date":"2013-10-21T12:00:27","date_gmt":"2013-10-21T12:00:27","guid":{"rendered":"http:\/\/waldkindergarten-berglen.de\/?p=2070"},"modified":"2013-10-21T12:00:27","modified_gmt":"2013-10-21T12:00:27","slug":"die-geschichte-vom-holzfaeller","status":"publish","type":"post","link":"https:\/\/waldkindergarten-berglen.de\/?p=2070","title":{"rendered":"Die Geschichte vom Holzf\u00e4ller"},"content":{"rendered":"<p>Eines Morgens durften unsere Waldkinder ein Theater-St\u00fcckchen von ihren Erzieherinnen sehen. Ein Holzf\u00e4ller ging mit seinem Hund in den Wald, um Holz zu holen. Als er am Abend zur\u00fcckkehrte, verga\u00df er seinen Mantel. Dies hatten einige Tiere gesehen. Es war sehr kalt. Sie konnten nicht in ihren Bau zur\u00fcckkehren. Da kam ihnen der Mantel gerade recht.<\/p>\n<p>Sie schl\u00fcpften unter den Mantel und wurden in der Nacht von dem Mantel gew\u00e4rmt. Am n\u00e4chsten Tag schickte der Holzf\u00e4ller seinen Hund in den Wald zur\u00fcck, um den Mantel zu holen. Der Hund kam und bellte. Die Tiere kehrten in ihren Bau zur\u00fcck und der Hund brachte seinem Herrchen den Mantel. In der Fuchsschule durften unsere Gro\u00dfen sich dann als Schauspieler versuchen. Sie \u00fcbten das Theaterst\u00fcck ein und spielten es den j\u00fcngeren&nbsp; vor.<\/p>\n<figure id=\"attachment_2111\" aria-describedby=\"caption-attachment-2111\" style=\"width: 460px\" class=\"wp-caption alignnone\"><img loading=\"lazy\" decoding=\"async\" width=\"460\" height=\"345\" class=\"size-full wp-image-2111\" alt=\"Wir basteln Laternen\" src=\"http:\/\/waldkindergarten-berglen.de\/wp-content\/uploads\/2013\/10\/809-1-1.jpg\"><figcaption id=\"caption-attachment-2111\" class=\"wp-caption-text\">Wir basteln Laternen<\/figcaption><\/figure>\n<p>Im Herbst r\u00fcckt das Laternenfest n\u00e4her. Also machten sich unsere Waldkinder an die Arbeit und bastelten Laternen. Eine Holzscheibe wurde als Boden verwendet. Mit dem Hammer durften unsere Kinder N\u00e4gel als Kerzenhalter in die Holzscheibe schlagen. Mit Rei\u00dfn\u00e4geln befestigten sie Hasendraht. Danach werden sie noch mit Bl\u00e4ttern und Waldfr\u00fcchten verziert. Wir d\u00fcrfen gespannt sein.<\/p>\n<p><em>Wussten Sie schon?<\/em><br \/>\n<em>Hagebutten bieten f\u00fcr viele V\u00f6gel im Winter eine leicht zu findende und vitaminreiche Nahrung.<\/em><\/p>\n","protected":false},"excerpt":{"rendered":"<p>Eines Morgens durften unsere Waldkinder ein Theater-St\u00fcckchen von ihren Erzieherinnen sehen. Ein Holzf\u00e4ller ging mit seinem Hund in den Wald, um Holz zu holen. Als er am Abend zur\u00fcckkehrte, verga\u00df er seinen Mantel. Dies hatten einige Tiere gesehen. Es war sehr kalt. Sie konnten nicht in ihren Bau zur\u00fcckkehren. Da kam ihnen der Mantel gerade&hellip; <a href=\"https:\/\/waldkindergarten-berglen.de\/?p=2070\" class=\"more-link\">Weiterlesen <span class=\"screen-reader-text\">Die Geschichte vom Holzf\u00e4ller<\/span><\/a><\/p>\n","protected":false},"author":1,"featured_media":0,"comment_status":"closed","ping_status":"closed","sticky":false,"template":"","format":"standard","meta":{"ngg_post_thumbnail":0,"_jetpack_memberships_contains_paid_content":false,"footnotes":""},"categories":[3],"tags":[],"class_list":["post-2070","post","type-post","status-publish","format-standard","hentry","category-berichte"],"jetpack_featured_media_url":"","jetpack_sharing_enabled":true,"_links":{"self":[{"href":"https:\/\/waldkindergarten-berglen.de\/index.php?rest_route=\/wp\/v2\/posts\/2070","targetHints":{"allow":["GET"]}}],"collection":[{"href":"https:\/\/waldkindergarten-berglen.de\/index.php?rest_route=\/wp\/v2\/posts"}],"about":[{"href":"https:\/\/waldkindergarten-berglen.de\/index.php?rest_route=\/wp\/v2\/types\/post"}],"author":[{"embeddable":true,"href":"https:\/\/waldkindergarten-berglen.de\/index.php?rest_route=\/wp\/v2\/users\/1"}],"replies":[{"embeddable":true,"href":"https:\/\/waldkindergarten-berglen.de\/index.php?rest_route=%2Fwp%2Fv2%2Fcomments&post=2070"}],"version-history":[{"count":0,"href":"https:\/\/waldkindergarten-berglen.de\/index.php?rest_route=\/wp\/v2\/posts\/2070\/revisions"}],"wp:attachment":[{"href":"https:\/\/waldkindergarten-berglen.de\/index.php?rest_route=%2Fwp%2Fv2%2Fmedia&parent=2070"}],"wp:term":[{"taxonomy":"category","embeddable":true,"href":"https:\/\/waldkindergarten-berglen.de\/index.php?rest_route=%2Fwp%2Fv2%2Fcategories&post=2070"},{"taxonomy":"post_tag","embeddable":true,"href":"https:\/\/waldkindergarten-berglen.de\/index.php?rest_route=%2Fwp%2Fv2%2Ftags&post=2070"}],"curies":[{"name":"wp","href":"https:\/\/api.w.org\/{rel}","templated":true}]}}