{"id":2072,"date":"2013-10-21T11:00:53","date_gmt":"2013-10-21T09:00:53","guid":{"rendered":"http:\/\/waldkindergarten-berglen.de\/?p=2072"},"modified":"2013-10-21T11:00:53","modified_gmt":"2013-10-21T09:00:53","slug":"neues-aus-der-waldspielgruppe-36","status":"publish","type":"post","link":"https:\/\/waldkindergarten-berglen.de\/?p=2072","title":{"rendered":"Neues aus der Waldspielgruppe"},"content":{"rendered":"<p>Nach tagelangem Regen waren wir am 16. 10.2013 froh \u00fcber einen trockenen Vormittag.<\/p>\n<p>Dass man aber bei 9\u00b0 C trotz angemessener Kleidung so frieren kann, \u00fcberraschte uns!<\/p>\n<p>\u00abPf\u00fctzenspielgruppe\u00bb w\u00e4re ein passender Name gewesen, denn nach der Begr\u00fc\u00dfungs- und Singrunde brachen wir zu den gro\u00dfen Pf\u00fctzen auf der Wiese auf. Wenn jede Familie f\u00fcr ihre Kleinkinder gro\u00dfe Pf\u00fctzen in der Wohnung h\u00e4tte, w\u00e4re das \u00abMama-mir -ist -so- langweilig\u00bb-Problem komplett gel\u00f6st. Die 2-3 J\u00e4hrigen h\u00e4tten sich stundenlang besch\u00e4ftigen k\u00f6nnen.<\/p>\n<p>Gut, dass das Angebot \u00abH\u00e4ndewaschen und Vespern\u00bb sie wieder in den Wald lockte. Das H\u00e4ndewaschen mit warmem Wasser aus einem Kanister und duftender Seife ist f\u00fcr viele Kleine ein regelm\u00e4\u00dfiges Highlight der Waldspielgruppe. Da konnte das Basteln von Bl\u00e4tterkronen nicht mithalten.<\/p>\n<p>Ein Bewegungsspiel holte uns Gro\u00dfe zum Schluss aus der K\u00e4ltestarre, bevor wir dennoch guter Dinge auseinander gingen.<\/p>\n","protected":false},"excerpt":{"rendered":"<p>Nach tagelangem Regen waren wir am 16. 10.2013 froh \u00fcber einen trockenen Vormittag. Dass man aber bei 9\u00b0 C trotz angemessener Kleidung so frieren kann, \u00fcberraschte uns! \u00abPf\u00fctzenspielgruppe\u00bb w\u00e4re ein passender Name gewesen, denn nach der Begr\u00fc\u00dfungs- und Singrunde brachen wir zu den gro\u00dfen Pf\u00fctzen auf der Wiese auf. Wenn jede Familie f\u00fcr ihre Kleinkinder&hellip; <a href=\"https:\/\/waldkindergarten-berglen.de\/?p=2072\" class=\"more-link\">Weiterlesen <span class=\"screen-reader-text\">Neues aus der Waldspielgruppe<\/span><\/a><\/p>\n","protected":false},"author":1,"featured_media":0,"comment_status":"closed","ping_status":"closed","sticky":false,"template":"","format":"standard","meta":{"ngg_post_thumbnail":0,"_jetpack_memberships_contains_paid_content":false,"footnotes":""},"categories":[11],"tags":[],"class_list":["post-2072","post","type-post","status-publish","format-standard","hentry","category-waldspielgruppenberichte-bis-2017"],"jetpack_featured_media_url":"","jetpack_sharing_enabled":true,"_links":{"self":[{"href":"https:\/\/waldkindergarten-berglen.de\/index.php?rest_route=\/wp\/v2\/posts\/2072","targetHints":{"allow":["GET"]}}],"collection":[{"href":"https:\/\/waldkindergarten-berglen.de\/index.php?rest_route=\/wp\/v2\/posts"}],"about":[{"href":"https:\/\/waldkindergarten-berglen.de\/index.php?rest_route=\/wp\/v2\/types\/post"}],"author":[{"embeddable":true,"href":"https:\/\/waldkindergarten-berglen.de\/index.php?rest_route=\/wp\/v2\/users\/1"}],"replies":[{"embeddable":true,"href":"https:\/\/waldkindergarten-berglen.de\/index.php?rest_route=%2Fwp%2Fv2%2Fcomments&post=2072"}],"version-history":[{"count":0,"href":"https:\/\/waldkindergarten-berglen.de\/index.php?rest_route=\/wp\/v2\/posts\/2072\/revisions"}],"wp:attachment":[{"href":"https:\/\/waldkindergarten-berglen.de\/index.php?rest_route=%2Fwp%2Fv2%2Fmedia&parent=2072"}],"wp:term":[{"taxonomy":"category","embeddable":true,"href":"https:\/\/waldkindergarten-berglen.de\/index.php?rest_route=%2Fwp%2Fv2%2Fcategories&post=2072"},{"taxonomy":"post_tag","embeddable":true,"href":"https:\/\/waldkindergarten-berglen.de\/index.php?rest_route=%2Fwp%2Fv2%2Ftags&post=2072"}],"curies":[{"name":"wp","href":"https:\/\/api.w.org\/{rel}","templated":true}]}}