{"id":2080,"date":"2013-10-07T11:00:34","date_gmt":"2013-10-07T09:00:34","guid":{"rendered":"http:\/\/waldkindergarten-berglen.de\/?p=2080"},"modified":"2013-10-07T11:00:34","modified_gmt":"2013-10-07T09:00:34","slug":"neues-aus-der-waldspielgruppe-34","status":"publish","type":"post","link":"https:\/\/waldkindergarten-berglen.de\/?p=2080","title":{"rendered":"Neues aus der Waldspielgruppe"},"content":{"rendered":"<p>Das Thema \u00abApfel\u00bb besch\u00e4ftigte uns nochmals am 2. Oktober 2013.In der Erwartung, dass die Sonne \u00fcber den Waldrand schaut und unseren Begr\u00fc\u00dfungsplatz w\u00e4rmt, sangen wir Bewegungslieder rund um den Apfel, lernten das Apfel &#8211; W\u00fcrmchen Kunigund kennen und machten uns dann auf den Weg in den Wald zum Klettern und Rutschen.<\/p>\n<figure id=\"attachment_2107\" aria-describedby=\"caption-attachment-2107\" style=\"width: 345px\" class=\"wp-caption alignnone\"><img loading=\"lazy\" decoding=\"async\" class=\"size-full wp-image-2107\" src=\"http:\/\/waldkindergarten-berglen.de\/wp-content\/uploads\/2013\/10\/805-1-1.jpg\" alt=\"Vormachen weckt Interesse!\" width=\"345\" height=\"460\" \/><figcaption id=\"caption-attachment-2107\" class=\"wp-caption-text\">Vormachen weckt Interesse!<\/figcaption><\/figure>\n<p>Die 10-k\u00f6pfige Gruppe der 2-3 J\u00e4hrigen zeichnet sich durch gro\u00dfe Friedfertigkeit aus: Beim Warten auf Bastelwerkzeug, beim Klettern, Aufteilen von Sandelsachen oder beim Essen teilen gibt es in der Regel kein Theater, sondern ein gutes Miteinander.<\/p>\n<p>Trotz der K\u00e4lte war es richtig schade, dass der Vormittag so schnell vorbei war.<\/p>\n<p>Es tat einfach gut, im Zuschauen friedlich buddelnder oder spielender Kinder zu verweilen und diese heile Welt zu genie\u00dfen.<\/p>\n","protected":false},"excerpt":{"rendered":"<p>Das Thema \u00abApfel\u00bb besch\u00e4ftigte uns nochmals am 2. Oktober 2013.In der Erwartung, dass die Sonne \u00fcber den Waldrand schaut und unseren Begr\u00fc\u00dfungsplatz w\u00e4rmt, sangen wir Bewegungslieder rund um den Apfel, lernten das Apfel &#8211; W\u00fcrmchen Kunigund kennen und machten uns dann auf den Weg in den Wald zum Klettern und Rutschen. Die 10-k\u00f6pfige Gruppe der&hellip; <a href=\"https:\/\/waldkindergarten-berglen.de\/?p=2080\" class=\"more-link\">Weiterlesen <span class=\"screen-reader-text\">Neues aus der Waldspielgruppe<\/span><\/a><\/p>\n","protected":false},"author":1,"featured_media":0,"comment_status":"closed","ping_status":"closed","sticky":false,"template":"","format":"standard","meta":{"ngg_post_thumbnail":0,"_jetpack_memberships_contains_paid_content":false,"footnotes":""},"categories":[11],"tags":[],"class_list":["post-2080","post","type-post","status-publish","format-standard","hentry","category-waldspielgruppenberichte-bis-2017"],"jetpack_featured_media_url":"","jetpack_sharing_enabled":true,"_links":{"self":[{"href":"https:\/\/waldkindergarten-berglen.de\/index.php?rest_route=\/wp\/v2\/posts\/2080","targetHints":{"allow":["GET"]}}],"collection":[{"href":"https:\/\/waldkindergarten-berglen.de\/index.php?rest_route=\/wp\/v2\/posts"}],"about":[{"href":"https:\/\/waldkindergarten-berglen.de\/index.php?rest_route=\/wp\/v2\/types\/post"}],"author":[{"embeddable":true,"href":"https:\/\/waldkindergarten-berglen.de\/index.php?rest_route=\/wp\/v2\/users\/1"}],"replies":[{"embeddable":true,"href":"https:\/\/waldkindergarten-berglen.de\/index.php?rest_route=%2Fwp%2Fv2%2Fcomments&post=2080"}],"version-history":[{"count":0,"href":"https:\/\/waldkindergarten-berglen.de\/index.php?rest_route=\/wp\/v2\/posts\/2080\/revisions"}],"wp:attachment":[{"href":"https:\/\/waldkindergarten-berglen.de\/index.php?rest_route=%2Fwp%2Fv2%2Fmedia&parent=2080"}],"wp:term":[{"taxonomy":"category","embeddable":true,"href":"https:\/\/waldkindergarten-berglen.de\/index.php?rest_route=%2Fwp%2Fv2%2Fcategories&post=2080"},{"taxonomy":"post_tag","embeddable":true,"href":"https:\/\/waldkindergarten-berglen.de\/index.php?rest_route=%2Fwp%2Fv2%2Ftags&post=2080"}],"curies":[{"name":"wp","href":"https:\/\/api.w.org\/{rel}","templated":true}]}}