{"id":2092,"date":"2013-09-09T12:00:43","date_gmt":"2013-09-09T12:00:43","guid":{"rendered":"http:\/\/waldkindergarten-berglen.de\/?p=2092"},"modified":"2013-09-09T12:00:43","modified_gmt":"2013-09-09T12:00:43","slug":"ein-kleiner-schwarzer-kaefer-ist-da","status":"publish","type":"post","link":"https:\/\/waldkindergarten-berglen.de\/?p=2092","title":{"rendered":"Ein kleiner schwarzer K\u00e4fer ist da"},"content":{"rendered":"<p>An einem Morgen staunten unsere Waldkinder. Auf ihrem Tisch im Morgenkreis lag Pferdemist. Als die Kinder ihren Weg weiter gingen, sahen sie sehr viele Mistk\u00e4fer krabbeln. Ein St\u00fcck weiter sahen sie eine gro\u00dfe Pferdemistkugel. Diese wackelte. Was ist denn da los?<\/p>\n<p>Als sie den Pferdemist auseinander zogen, sahen sie sehr viele Mistk\u00e4fer. Au\u00dferdem lernten unsere Kinder, dass Mistk\u00e4fer ihre Larven mit Mist bedecken, da dieser sehr n\u00e4hrstoffreich ist. Dann haben die K\u00e4fer, wenn sie aus den Larven schl\u00fcpfen, sofort was zu fressen.<\/p>\n<figure id=\"attachment_2094\" aria-describedby=\"caption-attachment-2094\" style=\"width: 345px\" class=\"wp-caption alignnone\"><img loading=\"lazy\" decoding=\"async\" width=\"345\" height=\"460\" class=\"size-full wp-image-2094\" alt=\"Kleiner schwarzer K\u00e4fer\" src=\"http:\/\/waldkindergarten-berglen.de\/wp-content\/uploads\/2013\/09\/792-1-1.jpg\"><figcaption id=\"caption-attachment-2094\" class=\"wp-caption-text\">Kleiner schwarzer K\u00e4fer<\/figcaption><\/figure>\n<h4>Zur\u00fcck im Kindergarten<\/h4>\n<p>Die Sommerferien sind nun zu Ende. Die Kinder kehren in ihren Kindergarten zur\u00fcck. Sie freuen sich, dass sie ihre Freunde wieder treffen. Jeder m\u00f6chte von seinen Erlebnissen in den Sommerferien und von seinen Urlaubszielen berichten.<\/p>\n<p><em>Wussten Sie schon?<\/em><br \/>\n<em>Die Mistk\u00e4fer bewahrten Australien davor, im Mist zu ersticken. Als der Mensch dort immer mehr Schafe z\u00fcchtete, machten diese so viel Mist, dass nur noch der Mistk\u00e4fer helfen konnte.<\/em><\/p>\n","protected":false},"excerpt":{"rendered":"<p>An einem Morgen staunten unsere Waldkinder. Auf ihrem Tisch im Morgenkreis lag Pferdemist. Als die Kinder ihren Weg weiter gingen, sahen sie sehr viele Mistk\u00e4fer krabbeln. Ein St\u00fcck weiter sahen sie eine gro\u00dfe Pferdemistkugel. Diese wackelte. Was ist denn da los? Als sie den Pferdemist auseinander zogen, sahen sie sehr viele Mistk\u00e4fer. Au\u00dferdem lernten unsere&hellip; <a href=\"https:\/\/waldkindergarten-berglen.de\/?p=2092\" class=\"more-link\">Weiterlesen <span class=\"screen-reader-text\">Ein kleiner schwarzer K\u00e4fer ist da<\/span><\/a><\/p>\n","protected":false},"author":1,"featured_media":0,"comment_status":"closed","ping_status":"closed","sticky":false,"template":"","format":"standard","meta":{"ngg_post_thumbnail":0,"_jetpack_memberships_contains_paid_content":false,"footnotes":""},"categories":[3],"tags":[],"class_list":["post-2092","post","type-post","status-publish","format-standard","hentry","category-berichte"],"jetpack_featured_media_url":"","jetpack_sharing_enabled":true,"_links":{"self":[{"href":"https:\/\/waldkindergarten-berglen.de\/index.php?rest_route=\/wp\/v2\/posts\/2092","targetHints":{"allow":["GET"]}}],"collection":[{"href":"https:\/\/waldkindergarten-berglen.de\/index.php?rest_route=\/wp\/v2\/posts"}],"about":[{"href":"https:\/\/waldkindergarten-berglen.de\/index.php?rest_route=\/wp\/v2\/types\/post"}],"author":[{"embeddable":true,"href":"https:\/\/waldkindergarten-berglen.de\/index.php?rest_route=\/wp\/v2\/users\/1"}],"replies":[{"embeddable":true,"href":"https:\/\/waldkindergarten-berglen.de\/index.php?rest_route=%2Fwp%2Fv2%2Fcomments&post=2092"}],"version-history":[{"count":0,"href":"https:\/\/waldkindergarten-berglen.de\/index.php?rest_route=\/wp\/v2\/posts\/2092\/revisions"}],"wp:attachment":[{"href":"https:\/\/waldkindergarten-berglen.de\/index.php?rest_route=%2Fwp%2Fv2%2Fmedia&parent=2092"}],"wp:term":[{"taxonomy":"category","embeddable":true,"href":"https:\/\/waldkindergarten-berglen.de\/index.php?rest_route=%2Fwp%2Fv2%2Fcategories&post=2092"},{"taxonomy":"post_tag","embeddable":true,"href":"https:\/\/waldkindergarten-berglen.de\/index.php?rest_route=%2Fwp%2Fv2%2Ftags&post=2092"}],"curies":[{"name":"wp","href":"https:\/\/api.w.org\/{rel}","templated":true}]}}