{"id":2145,"date":"2013-05-13T12:00:48","date_gmt":"2013-05-13T12:00:48","guid":{"rendered":"http:\/\/waldkindergarten-berglen.de\/?p=2145"},"modified":"2013-05-13T12:00:48","modified_gmt":"2013-05-13T12:00:48","slug":"ein-naturtheater-zu-ehren-der-waldmamas","status":"publish","type":"post","link":"https:\/\/waldkindergarten-berglen.de\/?p=2145","title":{"rendered":"Ein Naturtheater zu Ehren der Waldmamas"},"content":{"rendered":"<p>Muttertag ist ein besonderer Tag f\u00fcr unsere Waldkinder.<br \/>\nNiemals w\u00fcrden sie und ihre Erzieherinnen es sich nehmen lassen diesen Tag zu ehren.<\/p>\n<p>Deshalb luden sie auch dieses Jahr wieder alle Waldmamis zu sich in den Wald ein.<\/p>\n<p>P\u00fcnktlich holten die Wichtel und Zwerge ihre M\u00fctter am verabredeten Treffpunkt ab und f\u00fchrten sie auf einem Bl\u00fcten ges\u00e4umten Weg zu einem geheimen Platz.<\/p>\n<p>Dort zeigten sie ihnen ihren Sitzplatz.<\/p>\n<p>Nach einer kurzen Einleitung durch die Erzieherinnen, teilte ein als Kellner verkleidetes Waldkind Gundermannapfelsaft aus.<br \/>\nDanach f\u00fchrten die Waldkinder ein kleines Musical \u00fcber Regen, Blumen, Mutter Erde und die Sonne auf.<\/p>\n<figure id=\"attachment_2292\" aria-describedby=\"caption-attachment-2292\" style=\"width: 460px\" class=\"wp-caption alignnone\"><img loading=\"lazy\" decoding=\"async\" width=\"460\" height=\"345\" class=\"size-full wp-image-2292\" alt=\"Zauberhafte Schauspieler\/innen!\" src=\"http:\/\/waldkindergarten-berglen.de\/wp-content\/uploads\/2013\/05\/767-1-1.jpg\"><figcaption id=\"caption-attachment-2292\" class=\"wp-caption-text\">Zauberhafte Schauspieler\/innen!<\/figcaption><\/figure>\n<p>Noch ganz ger\u00fchrt durften die Mamas dann noch eine sch\u00f6ne Schl\u00fcsselblume und einen selbstgebackenen Keks in Herzform mit einer gezuckerten G\u00e4nsebl\u00fcmchenbl\u00fcte von ihren Kindern entgegennehmen.<\/p>\n<figure id=\"attachment_2293\" aria-describedby=\"caption-attachment-2293\" style=\"width: 460px\" class=\"wp-caption alignnone\"><img loading=\"lazy\" decoding=\"async\" width=\"460\" height=\"307\" class=\"size-full wp-image-2293\" alt=\"Ich schenke Dir mein Herz!\" src=\"http:\/\/waldkindergarten-berglen.de\/wp-content\/uploads\/2013\/05\/768-1-1.jpg\"><figcaption id=\"caption-attachment-2293\" class=\"wp-caption-text\">Ich schenke Dir mein Herz!<\/figcaption><\/figure>\n<p>Nach einem gemeinsamen Abschlusslied begaben sich alle mit viel Sonne im Herzen auf den Weg nach Hause.<br \/>\nVielen Dank f\u00fcr diesen wundersch\u00f6nen Vormittag!<\/p>\n<p><em>Wussten Sie schon?<\/em><br \/>\n<em>Dass ein Laubbaum innerhalb von nur 2 Tagen 30.000 Bl\u00e4tter austreibt?<\/em><\/p>\n","protected":false},"excerpt":{"rendered":"<p>Muttertag ist ein besonderer Tag f\u00fcr unsere Waldkinder. Niemals w\u00fcrden sie und ihre Erzieherinnen es sich nehmen lassen diesen Tag zu ehren. Deshalb luden sie auch dieses Jahr wieder alle Waldmamis zu sich in den Wald ein. P\u00fcnktlich holten die Wichtel und Zwerge ihre M\u00fctter am verabredeten Treffpunkt ab und f\u00fchrten sie auf einem Bl\u00fcten&hellip; <a href=\"https:\/\/waldkindergarten-berglen.de\/?p=2145\" class=\"more-link\">Weiterlesen <span class=\"screen-reader-text\">Ein Naturtheater zu Ehren der Waldmamas<\/span><\/a><\/p>\n","protected":false},"author":1,"featured_media":0,"comment_status":"closed","ping_status":"closed","sticky":false,"template":"","format":"standard","meta":{"ngg_post_thumbnail":0,"_jetpack_memberships_contains_paid_content":false,"footnotes":""},"categories":[3],"tags":[],"class_list":["post-2145","post","type-post","status-publish","format-standard","hentry","category-berichte"],"jetpack_featured_media_url":"","jetpack_sharing_enabled":true,"_links":{"self":[{"href":"https:\/\/waldkindergarten-berglen.de\/index.php?rest_route=\/wp\/v2\/posts\/2145","targetHints":{"allow":["GET"]}}],"collection":[{"href":"https:\/\/waldkindergarten-berglen.de\/index.php?rest_route=\/wp\/v2\/posts"}],"about":[{"href":"https:\/\/waldkindergarten-berglen.de\/index.php?rest_route=\/wp\/v2\/types\/post"}],"author":[{"embeddable":true,"href":"https:\/\/waldkindergarten-berglen.de\/index.php?rest_route=\/wp\/v2\/users\/1"}],"replies":[{"embeddable":true,"href":"https:\/\/waldkindergarten-berglen.de\/index.php?rest_route=%2Fwp%2Fv2%2Fcomments&post=2145"}],"version-history":[{"count":0,"href":"https:\/\/waldkindergarten-berglen.de\/index.php?rest_route=\/wp\/v2\/posts\/2145\/revisions"}],"wp:attachment":[{"href":"https:\/\/waldkindergarten-berglen.de\/index.php?rest_route=%2Fwp%2Fv2%2Fmedia&parent=2145"}],"wp:term":[{"taxonomy":"category","embeddable":true,"href":"https:\/\/waldkindergarten-berglen.de\/index.php?rest_route=%2Fwp%2Fv2%2Fcategories&post=2145"},{"taxonomy":"post_tag","embeddable":true,"href":"https:\/\/waldkindergarten-berglen.de\/index.php?rest_route=%2Fwp%2Fv2%2Ftags&post=2145"}],"curies":[{"name":"wp","href":"https:\/\/api.w.org\/{rel}","templated":true}]}}