{"id":2147,"date":"2013-05-13T11:00:55","date_gmt":"2013-05-13T09:00:55","guid":{"rendered":"http:\/\/waldkindergarten-berglen.de\/?p=2147"},"modified":"2013-05-13T11:00:55","modified_gmt":"2013-05-13T09:00:55","slug":"die-waldspielgruppe-startet-in-die-fruehjahrssaison-3","status":"publish","type":"post","link":"https:\/\/waldkindergarten-berglen.de\/?p=2147","title":{"rendered":"Die Waldspielgruppe startet in die Fr\u00fchjahrssaison"},"content":{"rendered":"<p>Am 8. Mai 2013 starteten wir bei strahlend blauem Himmel und Sonnenschein in unsere neue Saison 2013.<\/p>\n<p>Viele bekannte Gesichter, viel freudige Erwartung bei den 1 1\/2 bis 3 J\u00e4hrigen und ihren M\u00fcttern&#8230;So starteten wir nach der traditionellen Begr\u00fc\u00dfung mit Liedern und Bewegung mit dem Thema \u00abBlumenwiese\u00bb.<\/p>\n<p>Jedes Kind bekam einen kleinen Strau\u00df verschiedener Blumen und sollte diese in einem kleinen Wiesenabschnitt selbst finden. Das klappte sehr gut und die meisten Kleinen hatten viel Freude am Rennen, Pfl\u00fccken und Bewegen.<\/p>\n<p>Blumenfinden macht hungrig und beim Vespern beobachteten wir, wie seit Jahren, das \u00abVesperph\u00e4nomen\u00bb: Das Vesper des Nachbarkindes ist viel verlockender und besser als das eigene. So wurde dann auch rege getauscht.<\/p>\n<p>Nach dem beherzten Erklimmen des Kletterberges und dem begeisterten Wiederrunterrutschen gab es zum Abschluss auf der Wiese Seifenblasen f\u00fcr alle.<\/p>\n<figure id=\"attachment_2294\" aria-describedby=\"caption-attachment-2294\" style=\"width: 460px\" class=\"wp-caption alignnone\"><img loading=\"lazy\" decoding=\"async\" class=\"size-full wp-image-2294\" src=\"http:\/\/waldkindergarten-berglen.de\/wp-content\/uploads\/2013\/05\/769-1-1.jpg\" alt=\"Federleicht und wundersch\u00f6n!\" width=\"460\" height=\"345\" \/><figcaption id=\"caption-attachment-2294\" class=\"wp-caption-text\">Federleicht und wundersch\u00f6n!<\/figcaption><\/figure>\n<p>Ein zeitlos faszinierendes Erlebnis f\u00fcr M\u00fctter und Kinder.<\/p>\n<p>Dankbar schauen wir auf diesen unbeschwerten, sonnigen Vormittag zur\u00fcck.<\/p>\n","protected":false},"excerpt":{"rendered":"<p>Am 8. Mai 2013 starteten wir bei strahlend blauem Himmel und Sonnenschein in unsere neue Saison 2013. Viele bekannte Gesichter, viel freudige Erwartung bei den 1 1\/2 bis 3 J\u00e4hrigen und ihren M\u00fcttern&#8230;So starteten wir nach der traditionellen Begr\u00fc\u00dfung mit Liedern und Bewegung mit dem Thema \u00abBlumenwiese\u00bb. Jedes Kind bekam einen kleinen Strau\u00df verschiedener Blumen&hellip; <a href=\"https:\/\/waldkindergarten-berglen.de\/?p=2147\" class=\"more-link\">Weiterlesen <span class=\"screen-reader-text\">Die Waldspielgruppe startet in die Fr\u00fchjahrssaison<\/span><\/a><\/p>\n","protected":false},"author":1,"featured_media":0,"comment_status":"closed","ping_status":"closed","sticky":false,"template":"","format":"standard","meta":{"ngg_post_thumbnail":0,"_jetpack_memberships_contains_paid_content":false,"footnotes":""},"categories":[11],"tags":[],"class_list":["post-2147","post","type-post","status-publish","format-standard","hentry","category-waldspielgruppenberichte-bis-2017"],"jetpack_featured_media_url":"","jetpack_sharing_enabled":true,"_links":{"self":[{"href":"https:\/\/waldkindergarten-berglen.de\/index.php?rest_route=\/wp\/v2\/posts\/2147","targetHints":{"allow":["GET"]}}],"collection":[{"href":"https:\/\/waldkindergarten-berglen.de\/index.php?rest_route=\/wp\/v2\/posts"}],"about":[{"href":"https:\/\/waldkindergarten-berglen.de\/index.php?rest_route=\/wp\/v2\/types\/post"}],"author":[{"embeddable":true,"href":"https:\/\/waldkindergarten-berglen.de\/index.php?rest_route=\/wp\/v2\/users\/1"}],"replies":[{"embeddable":true,"href":"https:\/\/waldkindergarten-berglen.de\/index.php?rest_route=%2Fwp%2Fv2%2Fcomments&post=2147"}],"version-history":[{"count":0,"href":"https:\/\/waldkindergarten-berglen.de\/index.php?rest_route=\/wp\/v2\/posts\/2147\/revisions"}],"wp:attachment":[{"href":"https:\/\/waldkindergarten-berglen.de\/index.php?rest_route=%2Fwp%2Fv2%2Fmedia&parent=2147"}],"wp:term":[{"taxonomy":"category","embeddable":true,"href":"https:\/\/waldkindergarten-berglen.de\/index.php?rest_route=%2Fwp%2Fv2%2Fcategories&post=2147"},{"taxonomy":"post_tag","embeddable":true,"href":"https:\/\/waldkindergarten-berglen.de\/index.php?rest_route=%2Fwp%2Fv2%2Ftags&post=2147"}],"curies":[{"name":"wp","href":"https:\/\/api.w.org\/{rel}","templated":true}]}}