{"id":2149,"date":"2013-05-20T12:00:01","date_gmt":"2013-05-20T12:00:01","guid":{"rendered":"http:\/\/waldkindergarten-berglen.de\/?p=2149"},"modified":"2013-05-20T12:00:01","modified_gmt":"2013-05-20T12:00:01","slug":"was-raschelt-im-stroh","status":"publish","type":"post","link":"https:\/\/waldkindergarten-berglen.de\/?p=2149","title":{"rendered":"&#8230;was raschelt im Stroh&#8230;"},"content":{"rendered":"<p>\u2026das sind die lieben G\u00e4nsek\u00fcken. Unsere Waldkinder durften eine Els\u00e4sserg\u00e4nse-Familie mit ihren kleinen G\u00e4nsek\u00fcken kennenlernen. Ganz gespannt haben unsere Waldkinder zugeh\u00f6rt, was uns Silke von ihren G\u00e4nsen erz\u00e4hlt hat.<br \/>\nSie haben gelernt, dass die G\u00e4nse mit Daunen ihr Nest auspolstern. Etwa 28 Tage lang legen die G\u00e4nse jeden zweiten Tag ein Ei. Dann br\u00fcten die Eltern etwa 35 Tage. Die G\u00f6ssel k\u00f6nnen sich bereits im Ei \u00abmiteinander unterhalten\u00bb und \u00abstimmen auch den Termin ab\u00bb, wann sie schl\u00fcpfen. Ist es soweit, dann schl\u00fcpfen sie innerhalb von&nbsp; zwei Tagen. In den ersten zwei Lebenstagen brauchen die G\u00f6ssel noch keine Nahrung, da sie noch von ihrem Dottersack zehren. Danach f\u00fchren die Eltern ihre G\u00f6ssel auf die Wiese wo diese dann schon Gras fressen. Dabei passen die Eltern sehr gut auf ihre Kinder auf. Unsere Waldkinder durften die weichen G\u00f6ssel auch streicheln. Anschlie\u00dfend wurden unsere Waldkinder mit einem leckeren Picknick \u00fcberrascht. Es gab Saft, Flachswickel und Schneckennudeln. Vielen Dank liebe Familie Gr\u00fcn f\u00fcr die Einladung.<\/p>\n<figure id=\"attachment_2289\" aria-describedby=\"caption-attachment-2289\" style=\"width: 345px\" class=\"wp-caption alignnone\"><img loading=\"lazy\" decoding=\"async\" width=\"345\" height=\"460\" class=\"size-full wp-image-2289\" alt=\"G\u00e4nsefamilie\" src=\"http:\/\/waldkindergarten-berglen.de\/wp-content\/uploads\/2013\/05\/771-1-1.jpg\"><figcaption id=\"caption-attachment-2289\" class=\"wp-caption-text\">G\u00e4nsefamilie<\/figcaption><\/figure>\n<figure id=\"attachment_2288\" aria-describedby=\"caption-attachment-2288\" style=\"width: 460px\" class=\"wp-caption alignnone\"><img loading=\"lazy\" decoding=\"async\" width=\"460\" height=\"345\" class=\"size-full wp-image-2288\" alt=\"Die G\u00e4nsek\u00fcken sind s\u00fc\u00df\" src=\"http:\/\/waldkindergarten-berglen.de\/wp-content\/uploads\/2013\/05\/770-1-1.jpg\"><figcaption id=\"caption-attachment-2288\" class=\"wp-caption-text\">Die G\u00e4nsek\u00fcken sind s\u00fc\u00df<\/figcaption><\/figure>\n<h4>Arbeitseinsatz der Eltern<\/h4>\n<p>Bei unserem Arbeitseinsatz&nbsp; haben wir Holz f\u00fcr den Winter ges\u00e4gt. Ein neuer Steintisch im Morgenkreis der Zwerge wurde ebenfalls geschaffen. Er l\u00e4dt unsere Erzieherinnen wie bisher ein, ihn liebevoll zu Dekorieren. Au\u00dferdem haben wir beim Sonnenplatz runde Tische und St\u00fchle aus Baumst\u00e4mmen ges\u00e4gt und beim Hutzelmannplatz ein Waldsofa gebaut. Vielen Dank liebe Eltern f\u00fcr Euren Einsatz.<\/p>\n<figure id=\"attachment_2290\" aria-describedby=\"caption-attachment-2290\" style=\"width: 460px\" class=\"wp-caption alignnone\"><img loading=\"lazy\" decoding=\"async\" width=\"460\" height=\"345\" class=\"size-full wp-image-2290\" alt=\"Ein Waldsofa entsteht\" src=\"http:\/\/waldkindergarten-berglen.de\/wp-content\/uploads\/2013\/05\/772-1-1.jpg\"><figcaption id=\"caption-attachment-2290\" class=\"wp-caption-text\">Ein Waldsofa entsteht<\/figcaption><\/figure>\n<h4>Basar<\/h4>\n<p>Am Sonntag 9.6.2013 findet im Vereinsheim in Rettersburg unser Kindersachenbasar statt. Es gibt auch Kaffee und Kuchen und ein Kinderprogramm. Wir freuen uns, wenn Sie uns besuchen.<br \/>\n<em>Wussten Sie schon?<\/em><br \/>\n<em>Els\u00e4sser G\u00e4nse sind eine Naturrasse. Sie haben bei der Brut einen bestimmten Trick, der bis jetzt noch nicht erforscht ist. W\u00e4hrend andere K\u00fcken auch im Brutkasten ausgebr\u00fctet werden k\u00f6nnen, ist dies bei den Els\u00e4sser G\u00e4nsen noch nie gelungen.<\/em><\/p>\n","protected":false},"excerpt":{"rendered":"<p>\u2026das sind die lieben G\u00e4nsek\u00fcken. Unsere Waldkinder durften eine Els\u00e4sserg\u00e4nse-Familie mit ihren kleinen G\u00e4nsek\u00fcken kennenlernen. Ganz gespannt haben unsere Waldkinder zugeh\u00f6rt, was uns Silke von ihren G\u00e4nsen erz\u00e4hlt hat. Sie haben gelernt, dass die G\u00e4nse mit Daunen ihr Nest auspolstern. Etwa 28 Tage lang legen die G\u00e4nse jeden zweiten Tag ein Ei. Dann br\u00fcten die&hellip; <a href=\"https:\/\/waldkindergarten-berglen.de\/?p=2149\" class=\"more-link\">Weiterlesen <span class=\"screen-reader-text\">&#8230;was raschelt im Stroh&#8230;<\/span><\/a><\/p>\n","protected":false},"author":1,"featured_media":0,"comment_status":"closed","ping_status":"closed","sticky":false,"template":"","format":"standard","meta":{"ngg_post_thumbnail":0,"_jetpack_memberships_contains_paid_content":false,"footnotes":""},"categories":[3],"tags":[],"class_list":["post-2149","post","type-post","status-publish","format-standard","hentry","category-berichte"],"jetpack_featured_media_url":"","jetpack_sharing_enabled":true,"_links":{"self":[{"href":"https:\/\/waldkindergarten-berglen.de\/index.php?rest_route=\/wp\/v2\/posts\/2149","targetHints":{"allow":["GET"]}}],"collection":[{"href":"https:\/\/waldkindergarten-berglen.de\/index.php?rest_route=\/wp\/v2\/posts"}],"about":[{"href":"https:\/\/waldkindergarten-berglen.de\/index.php?rest_route=\/wp\/v2\/types\/post"}],"author":[{"embeddable":true,"href":"https:\/\/waldkindergarten-berglen.de\/index.php?rest_route=\/wp\/v2\/users\/1"}],"replies":[{"embeddable":true,"href":"https:\/\/waldkindergarten-berglen.de\/index.php?rest_route=%2Fwp%2Fv2%2Fcomments&post=2149"}],"version-history":[{"count":0,"href":"https:\/\/waldkindergarten-berglen.de\/index.php?rest_route=\/wp\/v2\/posts\/2149\/revisions"}],"wp:attachment":[{"href":"https:\/\/waldkindergarten-berglen.de\/index.php?rest_route=%2Fwp%2Fv2%2Fmedia&parent=2149"}],"wp:term":[{"taxonomy":"category","embeddable":true,"href":"https:\/\/waldkindergarten-berglen.de\/index.php?rest_route=%2Fwp%2Fv2%2Fcategories&post=2149"},{"taxonomy":"post_tag","embeddable":true,"href":"https:\/\/waldkindergarten-berglen.de\/index.php?rest_route=%2Fwp%2Fv2%2Ftags&post=2149"}],"curies":[{"name":"wp","href":"https:\/\/api.w.org\/{rel}","templated":true}]}}