{"id":2151,"date":"2013-05-20T11:00:38","date_gmt":"2013-05-20T09:00:38","guid":{"rendered":"http:\/\/waldkindergarten-berglen.de\/?p=2151"},"modified":"2013-05-20T11:00:38","modified_gmt":"2013-05-20T09:00:38","slug":"neues-aus-der-waldspielgruppe-43","status":"publish","type":"post","link":"https:\/\/waldkindergarten-berglen.de\/?p=2151","title":{"rendered":"Neues aus der Waldspielgruppe"},"content":{"rendered":"<p>Am 15. Mai 2013 verbrachten wir bei strahlender Sonne einen sch\u00f6nen und unbeschwerten Vormittag miteinander. Das Thema \u00abRaupe und Schmetterling\u00bb botdoch einiges zum Anschauen und Staunen: Eine riesige getrocknete Raupe aus Afrika, eine lebendige Raupe, interaktive Bilder, das Buch \u00abDie Raupe<br \/>\nNimmersatt\u00bb&#8230;.Auch f\u00fcr uns abgekl\u00e4rten \u00abAlten\u00bb ist die Verwandlung immer wieder aufs Neue ein Wunder.<br \/>\nNachdem die 2-3 J\u00e4hrigen sich am Kletterberg und an Kletterb\u00e4umen vergn\u00fcgt hatten, marschierten wir zum Lagerplatz im Wald. Dort vesperten wir und lie\u00dfen uns von zwei M\u00fcttern, die f\u00fcr Kaffee und Kuchen gesorgt hatten, verw\u00f6hnen. Dieses F\u00fcreinander- sein und beitragen macht ein Geheimnis der guten Atmosph\u00e4re der Waldspielgruppe aus.Im Anschluss bastelten wir uns einen bunten Schmetterling, und dann freuten sich die Kleinen aufs Freispiel mit Eimern und Schaufeln. Im Wald gibts ja immer genug zu schaffen.<\/p>\n","protected":false},"excerpt":{"rendered":"<p>Am 15. Mai 2013 verbrachten wir bei strahlender Sonne einen sch\u00f6nen und unbeschwerten Vormittag miteinander. Das Thema \u00abRaupe und Schmetterling\u00bb botdoch einiges zum Anschauen und Staunen: Eine riesige getrocknete Raupe aus Afrika, eine lebendige Raupe, interaktive Bilder, das Buch \u00abDie Raupe Nimmersatt\u00bb&#8230;.Auch f\u00fcr uns abgekl\u00e4rten \u00abAlten\u00bb ist die Verwandlung immer wieder aufs Neue ein Wunder.&hellip; <a href=\"https:\/\/waldkindergarten-berglen.de\/?p=2151\" class=\"more-link\">Weiterlesen <span class=\"screen-reader-text\">Neues aus der Waldspielgruppe<\/span><\/a><\/p>\n","protected":false},"author":1,"featured_media":0,"comment_status":"closed","ping_status":"closed","sticky":false,"template":"","format":"standard","meta":{"ngg_post_thumbnail":0,"_jetpack_memberships_contains_paid_content":false,"footnotes":""},"categories":[11],"tags":[],"class_list":["post-2151","post","type-post","status-publish","format-standard","hentry","category-waldspielgruppenberichte-bis-2017"],"jetpack_featured_media_url":"","jetpack_sharing_enabled":true,"_links":{"self":[{"href":"https:\/\/waldkindergarten-berglen.de\/index.php?rest_route=\/wp\/v2\/posts\/2151","targetHints":{"allow":["GET"]}}],"collection":[{"href":"https:\/\/waldkindergarten-berglen.de\/index.php?rest_route=\/wp\/v2\/posts"}],"about":[{"href":"https:\/\/waldkindergarten-berglen.de\/index.php?rest_route=\/wp\/v2\/types\/post"}],"author":[{"embeddable":true,"href":"https:\/\/waldkindergarten-berglen.de\/index.php?rest_route=\/wp\/v2\/users\/1"}],"replies":[{"embeddable":true,"href":"https:\/\/waldkindergarten-berglen.de\/index.php?rest_route=%2Fwp%2Fv2%2Fcomments&post=2151"}],"version-history":[{"count":0,"href":"https:\/\/waldkindergarten-berglen.de\/index.php?rest_route=\/wp\/v2\/posts\/2151\/revisions"}],"wp:attachment":[{"href":"https:\/\/waldkindergarten-berglen.de\/index.php?rest_route=%2Fwp%2Fv2%2Fmedia&parent=2151"}],"wp:term":[{"taxonomy":"category","embeddable":true,"href":"https:\/\/waldkindergarten-berglen.de\/index.php?rest_route=%2Fwp%2Fv2%2Fcategories&post=2151"},{"taxonomy":"post_tag","embeddable":true,"href":"https:\/\/waldkindergarten-berglen.de\/index.php?rest_route=%2Fwp%2Fv2%2Ftags&post=2151"}],"curies":[{"name":"wp","href":"https:\/\/api.w.org\/{rel}","templated":true}]}}