{"id":2153,"date":"2013-05-27T12:00:15","date_gmt":"2013-05-27T12:00:15","guid":{"rendered":"http:\/\/waldkindergarten-berglen.de\/?p=2153"},"modified":"2013-05-27T12:00:15","modified_gmt":"2013-05-27T12:00:15","slug":"unser-1-basar-mit-kinderflohmarkt-fuer-alle","status":"publish","type":"post","link":"https:\/\/waldkindergarten-berglen.de\/?p=2153","title":{"rendered":"Unser 1. Basar mit Kinderflohmarkt f\u00fcr alle"},"content":{"rendered":"<p>Auch die Zecken erwachen wieder<\/p>\n<p>Jetzt wo die Wiesen und B\u00e4ume langsam wieder gr\u00fcner werden und wir schon mit den ersten bunten Blumen und Bl\u00fcten verw\u00f6hnt werden, m\u00f6chte keiner an die Nachteile des Fr\u00fchlings denken.<br \/>\nDas w\u00e4ren vor allem die Zecken, die schon ab ca. M\u00e4rz zwischen 7- 10 \u00b0C aktiv werden und dies auch bis Oktober bleiben.<\/p>\n<p>Doch wir Menschen k\u00f6nnen uns sehr gut gegen die Plagegeister wappnen. Dazu sind lediglich ein paar simple Schutzvorkehrungen zu treffen, die schon nach kurzer Zeit<br \/>\nzur Routine werden:<\/p>\n<ul>\n<li>In Wald und Wiese nur lange Kleidung anziehen<\/li>\n<li>Socken \u00fcber die Hosenb\u00fcndchen am Bein ziehen<\/li>\n<li>Eine Kopfbedeckung (am&nbsp; Besten mit Nackenschutz) tragen<\/li>\n<li>An allen Kleider\u00f6ffnungen ( Hals-Nacken-Bereich, Handgelenke, Fu\u00dfgelenke) Zeckenschutzmittel auftragen<\/li>\n<li>Nach jeder Heimkehr sofort alle Kleider ausziehen und den ganzen K\u00f6rper gr\u00fcndlich nach Zecken absuchen<\/li>\n<\/ul>\n<p>Zecken bei\u00dfen meist erst nach einigen Stunden. So dass durch sofortiges Absuchen oft schon ein Biss verhindert werden kann.<\/p>\n<p>So k\u00f6nnen wir den Fr\u00fchling und Sommer unbeschwert genie\u00dfen!<\/p>\n<p><em>Wussten Sie schon?<\/em><br \/>\n<em>Dass Regenw\u00fcrmer bei uns bis zu 3 Meter tief und im Ural sogar bis zum Grundwasserspiegel in 8 Metern Tiefe buddeln?<\/em><\/p>\n","protected":false},"excerpt":{"rendered":"<p>Auch die Zecken erwachen wieder Jetzt wo die Wiesen und B\u00e4ume langsam wieder gr\u00fcner werden und wir schon mit den ersten bunten Blumen und Bl\u00fcten verw\u00f6hnt werden, m\u00f6chte keiner an die Nachteile des Fr\u00fchlings denken. Das w\u00e4ren vor allem die Zecken, die schon ab ca. M\u00e4rz zwischen 7- 10 \u00b0C aktiv werden und dies auch&hellip; <a href=\"https:\/\/waldkindergarten-berglen.de\/?p=2153\" class=\"more-link\">Weiterlesen <span class=\"screen-reader-text\">Unser 1. Basar mit Kinderflohmarkt f\u00fcr alle<\/span><\/a><\/p>\n","protected":false},"author":1,"featured_media":0,"comment_status":"closed","ping_status":"closed","sticky":false,"template":"","format":"standard","meta":{"ngg_post_thumbnail":0,"_jetpack_memberships_contains_paid_content":false,"footnotes":""},"categories":[3],"tags":[],"class_list":["post-2153","post","type-post","status-publish","format-standard","hentry","category-berichte"],"jetpack_featured_media_url":"","jetpack_sharing_enabled":true,"_links":{"self":[{"href":"https:\/\/waldkindergarten-berglen.de\/index.php?rest_route=\/wp\/v2\/posts\/2153","targetHints":{"allow":["GET"]}}],"collection":[{"href":"https:\/\/waldkindergarten-berglen.de\/index.php?rest_route=\/wp\/v2\/posts"}],"about":[{"href":"https:\/\/waldkindergarten-berglen.de\/index.php?rest_route=\/wp\/v2\/types\/post"}],"author":[{"embeddable":true,"href":"https:\/\/waldkindergarten-berglen.de\/index.php?rest_route=\/wp\/v2\/users\/1"}],"replies":[{"embeddable":true,"href":"https:\/\/waldkindergarten-berglen.de\/index.php?rest_route=%2Fwp%2Fv2%2Fcomments&post=2153"}],"version-history":[{"count":0,"href":"https:\/\/waldkindergarten-berglen.de\/index.php?rest_route=\/wp\/v2\/posts\/2153\/revisions"}],"wp:attachment":[{"href":"https:\/\/waldkindergarten-berglen.de\/index.php?rest_route=%2Fwp%2Fv2%2Fmedia&parent=2153"}],"wp:term":[{"taxonomy":"category","embeddable":true,"href":"https:\/\/waldkindergarten-berglen.de\/index.php?rest_route=%2Fwp%2Fv2%2Fcategories&post=2153"},{"taxonomy":"post_tag","embeddable":true,"href":"https:\/\/waldkindergarten-berglen.de\/index.php?rest_route=%2Fwp%2Fv2%2Ftags&post=2153"}],"curies":[{"name":"wp","href":"https:\/\/api.w.org\/{rel}","templated":true}]}}