{"id":2155,"date":"2013-06-06T12:00:01","date_gmt":"2013-06-06T12:00:01","guid":{"rendered":"http:\/\/waldkindergarten-berglen.de\/?p=2155"},"modified":"2013-06-06T12:00:01","modified_gmt":"2013-06-06T12:00:01","slug":"wir-kommen-wieder-an","status":"publish","type":"post","link":"https:\/\/waldkindergarten-berglen.de\/?p=2155","title":{"rendered":"Wir kommen wieder an"},"content":{"rendered":"<p>Nach den Ferien kommen unsere Waldkinder wieder im Kindergarten an. Es gibt, wie immer nach den Ferien, viel zu erz\u00e4hlen.&nbsp; Au\u00dferdem wollen unsere Waldkinder jetzt erforschen, was sich in den Ferien ver\u00e4ndert hat.<\/p>\n<p>Ist der Fr\u00fchling jetzt zu sehen? Sind die Pf\u00fctzen noch da? Welche Blumen bl\u00fchen jetzt?<\/p>\n<p>Die B\u00e4ume laden wieder zum Klettern ein. Zum Spielen kann man Kordeln gut gebrauchen. Diese stellen unsere Waldkinder selbst her.<\/p>\n<figure id=\"attachment_2284\" aria-describedby=\"caption-attachment-2284\" style=\"width: 345px\" class=\"wp-caption alignnone\"><img loading=\"lazy\" decoding=\"async\" width=\"345\" height=\"460\" class=\"size-full wp-image-2284\" alt=\"Unsere B\u00e4ume\" src=\"http:\/\/waldkindergarten-berglen.de\/wp-content\/uploads\/2013\/06\/776-1-1.jpg\"><figcaption id=\"caption-attachment-2284\" class=\"wp-caption-text\">Unsere B\u00e4ume<\/figcaption><\/figure>\n<figure id=\"attachment_2285\" aria-describedby=\"caption-attachment-2285\" style=\"width: 345px\" class=\"wp-caption alignnone\"><img loading=\"lazy\" decoding=\"async\" width=\"345\" height=\"460\" class=\"size-full wp-image-2285\" alt=\"Wir stellen Kordeln her\" src=\"http:\/\/waldkindergarten-berglen.de\/wp-content\/uploads\/2013\/06\/777-1-1.jpg\"><figcaption id=\"caption-attachment-2285\" class=\"wp-caption-text\">Wir stellen Kordeln her<\/figcaption><\/figure>\n<p><em>Wussten Sie schon?<\/em><br \/>\n<em>W\u00e4lder und Parks sind \u201egr\u00fcne Lungen\u201c. Ein Hektar Buchenwald kann j\u00e4hrlich 70 Tonnen Staub aus der Luft herausfiltern. Eine 100-j\u00e4hrige Buche setzt in einer Stunde etwa so viel Sauerstoff frei, wie 50 Personen in einer Stunde zum Atmen ben\u00f6tigen.<\/em><\/p>\n","protected":false},"excerpt":{"rendered":"<p>Nach den Ferien kommen unsere Waldkinder wieder im Kindergarten an. Es gibt, wie immer nach den Ferien, viel zu erz\u00e4hlen.&nbsp; Au\u00dferdem wollen unsere Waldkinder jetzt erforschen, was sich in den Ferien ver\u00e4ndert hat. Ist der Fr\u00fchling jetzt zu sehen? Sind die Pf\u00fctzen noch da? Welche Blumen bl\u00fchen jetzt? Die B\u00e4ume laden wieder zum Klettern ein.&hellip; <a href=\"https:\/\/waldkindergarten-berglen.de\/?p=2155\" class=\"more-link\">Weiterlesen <span class=\"screen-reader-text\">Wir kommen wieder an<\/span><\/a><\/p>\n","protected":false},"author":1,"featured_media":0,"comment_status":"closed","ping_status":"closed","sticky":false,"template":"","format":"standard","meta":{"ngg_post_thumbnail":0,"_jetpack_memberships_contains_paid_content":false,"footnotes":""},"categories":[3],"tags":[],"class_list":["post-2155","post","type-post","status-publish","format-standard","hentry","category-berichte"],"jetpack_featured_media_url":"","jetpack_sharing_enabled":true,"_links":{"self":[{"href":"https:\/\/waldkindergarten-berglen.de\/index.php?rest_route=\/wp\/v2\/posts\/2155","targetHints":{"allow":["GET"]}}],"collection":[{"href":"https:\/\/waldkindergarten-berglen.de\/index.php?rest_route=\/wp\/v2\/posts"}],"about":[{"href":"https:\/\/waldkindergarten-berglen.de\/index.php?rest_route=\/wp\/v2\/types\/post"}],"author":[{"embeddable":true,"href":"https:\/\/waldkindergarten-berglen.de\/index.php?rest_route=\/wp\/v2\/users\/1"}],"replies":[{"embeddable":true,"href":"https:\/\/waldkindergarten-berglen.de\/index.php?rest_route=%2Fwp%2Fv2%2Fcomments&post=2155"}],"version-history":[{"count":0,"href":"https:\/\/waldkindergarten-berglen.de\/index.php?rest_route=\/wp\/v2\/posts\/2155\/revisions"}],"wp:attachment":[{"href":"https:\/\/waldkindergarten-berglen.de\/index.php?rest_route=%2Fwp%2Fv2%2Fmedia&parent=2155"}],"wp:term":[{"taxonomy":"category","embeddable":true,"href":"https:\/\/waldkindergarten-berglen.de\/index.php?rest_route=%2Fwp%2Fv2%2Fcategories&post=2155"},{"taxonomy":"post_tag","embeddable":true,"href":"https:\/\/waldkindergarten-berglen.de\/index.php?rest_route=%2Fwp%2Fv2%2Ftags&post=2155"}],"curies":[{"name":"wp","href":"https:\/\/api.w.org\/{rel}","templated":true}]}}