{"id":2157,"date":"2013-06-17T12:00:44","date_gmt":"2013-06-17T12:00:44","guid":{"rendered":"http:\/\/waldkindergarten-berglen.de\/?p=2157"},"modified":"2013-06-17T12:00:44","modified_gmt":"2013-06-17T12:00:44","slug":"basar-der-begeisterung","status":"publish","type":"post","link":"https:\/\/waldkindergarten-berglen.de\/?p=2157","title":{"rendered":"Basar der Begeisterung"},"content":{"rendered":"<p>Unser erster Kindersachenbasar begeisterte sowohl Besucher wie auch Verk\u00e4ufer!<\/p>\n<p>Es war eine tolle Atmosph\u00e4re!<\/p>\n<p>Denn es gab nicht nur Kindersachen bei den Gro\u00dfen, sondern auch Kinderspielzeug beim Kinderflohmarkt und nat\u00fcrlich auch interessante Angebote f\u00fcr die Kinder. So konnte jeder seine ganz pers\u00f6nliche Bl\u00fctenseife herstellen oder sich beim Kinderschminken verwandeln.<\/p>\n<p>Wer dabei Hunger bekam, konnte sich mit Burgern und Kuchen st\u00e4rken.<\/p>\n<p>Wir bedanken uns ganz herzlich bei den Mitarbeitern des Bauhofs f\u00fcr das Absichern des Gel\u00e4ndes!<\/p>\n<p>Vielen herzlichen Dank, an die Br\u00f6tchenb\u00e4ckerinnen, von denen jede einzelne mindestens 50 Burgerbr\u00f6tchen gebacken hat.<\/p>\n<p>Wieder einmal zeigte sich die starke Gemeinschaft des Waldkindergartens. Wie in einem Bienenstock waren viele flei\u00dfige Bienen unerm\u00fcdlich im Einsatz. Vielen, vielen herzlichen Dank allen Mitwirkenden. Wir freuen uns schon jetzt auf unseren n\u00e4chsten Basar mit Euch!<\/p>\n<h4>Erste Werkst\u00fccke<\/h4>\n<p>Nach der Werkzeugpr\u00fcfung haben nun die ersten F\u00fcchse (unsere Vorschulkinder) ihre ersten Werkst\u00fccke fertiggestellt. Es sind wahre Kunstst\u00fccke!<\/p>\n<figure id=\"attachment_2279\" aria-describedby=\"caption-attachment-2279\" style=\"width: 460px\" class=\"wp-caption alignnone\"><img loading=\"lazy\" decoding=\"async\" width=\"460\" height=\"345\" class=\"size-full wp-image-2279\" alt=\"Ein stolzes Ergebnis!\" src=\"http:\/\/waldkindergarten-berglen.de\/wp-content\/uploads\/2013\/06\/779-1-1.jpg\"><figcaption id=\"caption-attachment-2279\" class=\"wp-caption-text\">Ein stolzes Ergebnis!<\/figcaption><\/figure>\n<h4>Sommerfest<\/h4>\n<p>Am vergangenen Samstag durften wir bei allersch\u00f6nstem Sommerwetter unser j\u00e4hrliches Sommerfest feiern!<\/p>\n<p>Ein gro\u00dfes Buffet aus Salaten, Kuchen und Desserts erg\u00e4nzten die Grillspezialit\u00e4ten.<\/p>\n<p>Es war ein wundersch\u00f6ner Tag an dem die Kinder unbeschwert auf dem eingez\u00e4unten Waldkindi-St\u00fcckle toben konnten, w\u00e4hrend die Erwachsenen sich entspannt unterhalten konnten.<\/p>\n<p><em>Wussten Sie schon?<\/em><br \/>\n<em>Dass bei reinrassigen H\u00fchnern die H\u00fchnerohrscheiben (so etwas wie die Ohrl\u00e4ppchen der H\u00fchner) \u00fcber die Farbe der Eier entscheiden? Sind die Ohrscheiben hell wird das Huhn in den meisten F\u00e4llen wei\u00dfe Eier legen. Sind sie rot, werden die Eier in der Regel braun!<\/em><\/p>\n","protected":false},"excerpt":{"rendered":"<p>Unser erster Kindersachenbasar begeisterte sowohl Besucher wie auch Verk\u00e4ufer! Es war eine tolle Atmosph\u00e4re! Denn es gab nicht nur Kindersachen bei den Gro\u00dfen, sondern auch Kinderspielzeug beim Kinderflohmarkt und nat\u00fcrlich auch interessante Angebote f\u00fcr die Kinder. So konnte jeder seine ganz pers\u00f6nliche Bl\u00fctenseife herstellen oder sich beim Kinderschminken verwandeln. Wer dabei Hunger bekam, konnte sich&hellip; <a href=\"https:\/\/waldkindergarten-berglen.de\/?p=2157\" class=\"more-link\">Weiterlesen <span class=\"screen-reader-text\">Basar der Begeisterung<\/span><\/a><\/p>\n","protected":false},"author":1,"featured_media":0,"comment_status":"closed","ping_status":"closed","sticky":false,"template":"","format":"standard","meta":{"ngg_post_thumbnail":0,"_jetpack_memberships_contains_paid_content":false,"footnotes":""},"categories":[3],"tags":[],"class_list":["post-2157","post","type-post","status-publish","format-standard","hentry","category-berichte"],"jetpack_featured_media_url":"","jetpack_sharing_enabled":true,"_links":{"self":[{"href":"https:\/\/waldkindergarten-berglen.de\/index.php?rest_route=\/wp\/v2\/posts\/2157","targetHints":{"allow":["GET"]}}],"collection":[{"href":"https:\/\/waldkindergarten-berglen.de\/index.php?rest_route=\/wp\/v2\/posts"}],"about":[{"href":"https:\/\/waldkindergarten-berglen.de\/index.php?rest_route=\/wp\/v2\/types\/post"}],"author":[{"embeddable":true,"href":"https:\/\/waldkindergarten-berglen.de\/index.php?rest_route=\/wp\/v2\/users\/1"}],"replies":[{"embeddable":true,"href":"https:\/\/waldkindergarten-berglen.de\/index.php?rest_route=%2Fwp%2Fv2%2Fcomments&post=2157"}],"version-history":[{"count":0,"href":"https:\/\/waldkindergarten-berglen.de\/index.php?rest_route=\/wp\/v2\/posts\/2157\/revisions"}],"wp:attachment":[{"href":"https:\/\/waldkindergarten-berglen.de\/index.php?rest_route=%2Fwp%2Fv2%2Fmedia&parent=2157"}],"wp:term":[{"taxonomy":"category","embeddable":true,"href":"https:\/\/waldkindergarten-berglen.de\/index.php?rest_route=%2Fwp%2Fv2%2Fcategories&post=2157"},{"taxonomy":"post_tag","embeddable":true,"href":"https:\/\/waldkindergarten-berglen.de\/index.php?rest_route=%2Fwp%2Fv2%2Ftags&post=2157"}],"curies":[{"name":"wp","href":"https:\/\/api.w.org\/{rel}","templated":true}]}}