{"id":2159,"date":"2013-06-17T11:00:26","date_gmt":"2013-06-17T09:00:26","guid":{"rendered":"http:\/\/waldkindergarten-berglen.de\/?p=2159"},"modified":"2013-06-17T11:00:26","modified_gmt":"2013-06-17T09:00:26","slug":"neues-aus-der-waldspielgruppe-41","status":"publish","type":"post","link":"https:\/\/waldkindergarten-berglen.de\/?p=2159","title":{"rendered":"Neues aus der Waldspielgruppe"},"content":{"rendered":"<p>Bew\u00f6lkt, aber warm war es am 12. Juni 2013, als wir uns zum Thema \u00abMarienk\u00e4fer\u00bb trafen. Es ist wohl der einzige K\u00e4fer, den schon 2j\u00e4hrige benennen k\u00f6nnen.<\/p>\n<p>Nach einem Buch und Fingerspielen zum Thema machten wir uns auf den Weg ins W\u00e4ldchen beim Parkplatz, um dort, wie traditionell jedes Jahr, versteckte Schokomarienk\u00e4fer zu suchen. Die Freude am Suchen hatten die M\u00fctter wie die Kinder gleicherma\u00dfen.<\/p>\n<p>Nach dem Vesper mit leckerem Kuchen bastelten wir Marienk\u00e4fermasken, wobei die Kinder beim Schneiden und Malen sehr motiviert waren, und dann auch stolz ihre Masken trugen.<br \/>\nBewundernswert ist die Kraft und Ausdauer der 2j\u00e4hrigen, wenn man ihnen beim Klettern zusieht.<\/p>\n<p>Erwachsene w\u00e4ren wahrscheinlich nach 5 Minuten fix und fertig&#8230;\u00a0 Wenn auch das Wetter nicht sonnig war, so war es doch unser Gem\u00fct an diesem Vormittag.<\/p>\n","protected":false},"excerpt":{"rendered":"<p>Bew\u00f6lkt, aber warm war es am 12. Juni 2013, als wir uns zum Thema \u00abMarienk\u00e4fer\u00bb trafen. Es ist wohl der einzige K\u00e4fer, den schon 2j\u00e4hrige benennen k\u00f6nnen. Nach einem Buch und Fingerspielen zum Thema machten wir uns auf den Weg ins W\u00e4ldchen beim Parkplatz, um dort, wie traditionell jedes Jahr, versteckte Schokomarienk\u00e4fer zu suchen. Die&hellip; <a href=\"https:\/\/waldkindergarten-berglen.de\/?p=2159\" class=\"more-link\">Weiterlesen <span class=\"screen-reader-text\">Neues aus der Waldspielgruppe<\/span><\/a><\/p>\n","protected":false},"author":1,"featured_media":0,"comment_status":"closed","ping_status":"closed","sticky":false,"template":"","format":"standard","meta":{"ngg_post_thumbnail":0,"_jetpack_memberships_contains_paid_content":false,"footnotes":""},"categories":[11],"tags":[],"class_list":["post-2159","post","type-post","status-publish","format-standard","hentry","category-waldspielgruppenberichte-bis-2017"],"jetpack_featured_media_url":"","jetpack_sharing_enabled":true,"_links":{"self":[{"href":"https:\/\/waldkindergarten-berglen.de\/index.php?rest_route=\/wp\/v2\/posts\/2159","targetHints":{"allow":["GET"]}}],"collection":[{"href":"https:\/\/waldkindergarten-berglen.de\/index.php?rest_route=\/wp\/v2\/posts"}],"about":[{"href":"https:\/\/waldkindergarten-berglen.de\/index.php?rest_route=\/wp\/v2\/types\/post"}],"author":[{"embeddable":true,"href":"https:\/\/waldkindergarten-berglen.de\/index.php?rest_route=\/wp\/v2\/users\/1"}],"replies":[{"embeddable":true,"href":"https:\/\/waldkindergarten-berglen.de\/index.php?rest_route=%2Fwp%2Fv2%2Fcomments&post=2159"}],"version-history":[{"count":0,"href":"https:\/\/waldkindergarten-berglen.de\/index.php?rest_route=\/wp\/v2\/posts\/2159\/revisions"}],"wp:attachment":[{"href":"https:\/\/waldkindergarten-berglen.de\/index.php?rest_route=%2Fwp%2Fv2%2Fmedia&parent=2159"}],"wp:term":[{"taxonomy":"category","embeddable":true,"href":"https:\/\/waldkindergarten-berglen.de\/index.php?rest_route=%2Fwp%2Fv2%2Fcategories&post=2159"},{"taxonomy":"post_tag","embeddable":true,"href":"https:\/\/waldkindergarten-berglen.de\/index.php?rest_route=%2Fwp%2Fv2%2Ftags&post=2159"}],"curies":[{"name":"wp","href":"https:\/\/api.w.org\/{rel}","templated":true}]}}