{"id":2162,"date":"2013-06-24T12:00:14","date_gmt":"2013-06-24T12:00:14","guid":{"rendered":"http:\/\/waldkindergarten-berglen.de\/?p=2162"},"modified":"2013-06-24T12:00:14","modified_gmt":"2013-06-24T12:00:14","slug":"kraeuter-aus-dem-wald-und-auf-dem-feld","status":"publish","type":"post","link":"https:\/\/waldkindergarten-berglen.de\/?p=2162","title":{"rendered":"Kr\u00e4uter aus dem Wald und auf dem Feld"},"content":{"rendered":"<p>In der letzten Woche durften unsere Waldkinder kennen lernen, was f\u00fcr interessante Kr\u00e4uter im Wald und auf dem Feld wachsen. Jeden Tag durften sie sich \u00fcberraschen lassen, mit was f\u00fcr Kr\u00e4utern der Steintisch im Morgenkreis dekoriert&nbsp; war.<\/p>\n<p>Aus Pfefferminze, Brennnesseln und Kamille kochten sie ihren Tee. Pfefferminzbl\u00e4tter und Zucker wurden mit dem M\u00f6rser zerrieben und aufs Brot verteilt. Aus Holunder haben sie Limonade hergestellt und auf dem Feuer Holunderpfannkuchen gebacken. Fichtenspitzen &#8211; mit Zucker gekocht &#8211; wurden zu Sirup verarbeitet. Au\u00dferdem durften sie Bonbons davon probieren.<br \/>\nBei den Brennnesseln durfte jeder, der wollte, vorsichtig eine anfassen. Am Ende der Woche haben sie abgestimmt, was das Beste war. Sieger wurde die Kamille.<\/p>\n<figure id=\"attachment_2277\" aria-describedby=\"caption-attachment-2277\" style=\"width: 345px\" class=\"wp-caption alignnone\"><img loading=\"lazy\" decoding=\"async\" width=\"345\" height=\"460\" class=\"size-full wp-image-2277\" alt=\"Kr\u00e4uter f\u00fcr uns und f\u00fcr Schmetterlinge\" src=\"http:\/\/waldkindergarten-berglen.de\/wp-content\/uploads\/2013\/06\/782-1-1.jpg\"><figcaption id=\"caption-attachment-2277\" class=\"wp-caption-text\">Kr\u00e4uter f\u00fcr uns und f\u00fcr Schmetterlinge<\/figcaption><\/figure>\n<p><em>Wussten Sie schon?<\/em><br \/>\n<em>Auf Brennnesseln leben Raupen von \u00fcber 50 verschiedenen Schmetterlingsarten.<\/em><\/p>\n","protected":false},"excerpt":{"rendered":"<p>In der letzten Woche durften unsere Waldkinder kennen lernen, was f\u00fcr interessante Kr\u00e4uter im Wald und auf dem Feld wachsen. Jeden Tag durften sie sich \u00fcberraschen lassen, mit was f\u00fcr Kr\u00e4utern der Steintisch im Morgenkreis dekoriert&nbsp; war. Aus Pfefferminze, Brennnesseln und Kamille kochten sie ihren Tee. Pfefferminzbl\u00e4tter und Zucker wurden mit dem M\u00f6rser zerrieben und&hellip; <a href=\"https:\/\/waldkindergarten-berglen.de\/?p=2162\" class=\"more-link\">Weiterlesen <span class=\"screen-reader-text\">Kr\u00e4uter aus dem Wald und auf dem Feld<\/span><\/a><\/p>\n","protected":false},"author":1,"featured_media":0,"comment_status":"closed","ping_status":"closed","sticky":false,"template":"","format":"standard","meta":{"ngg_post_thumbnail":0,"_jetpack_memberships_contains_paid_content":false,"footnotes":""},"categories":[3],"tags":[],"class_list":["post-2162","post","type-post","status-publish","format-standard","hentry","category-berichte"],"jetpack_featured_media_url":"","jetpack_sharing_enabled":true,"_links":{"self":[{"href":"https:\/\/waldkindergarten-berglen.de\/index.php?rest_route=\/wp\/v2\/posts\/2162","targetHints":{"allow":["GET"]}}],"collection":[{"href":"https:\/\/waldkindergarten-berglen.de\/index.php?rest_route=\/wp\/v2\/posts"}],"about":[{"href":"https:\/\/waldkindergarten-berglen.de\/index.php?rest_route=\/wp\/v2\/types\/post"}],"author":[{"embeddable":true,"href":"https:\/\/waldkindergarten-berglen.de\/index.php?rest_route=\/wp\/v2\/users\/1"}],"replies":[{"embeddable":true,"href":"https:\/\/waldkindergarten-berglen.de\/index.php?rest_route=%2Fwp%2Fv2%2Fcomments&post=2162"}],"version-history":[{"count":0,"href":"https:\/\/waldkindergarten-berglen.de\/index.php?rest_route=\/wp\/v2\/posts\/2162\/revisions"}],"wp:attachment":[{"href":"https:\/\/waldkindergarten-berglen.de\/index.php?rest_route=%2Fwp%2Fv2%2Fmedia&parent=2162"}],"wp:term":[{"taxonomy":"category","embeddable":true,"href":"https:\/\/waldkindergarten-berglen.de\/index.php?rest_route=%2Fwp%2Fv2%2Fcategories&post=2162"},{"taxonomy":"post_tag","embeddable":true,"href":"https:\/\/waldkindergarten-berglen.de\/index.php?rest_route=%2Fwp%2Fv2%2Ftags&post=2162"}],"curies":[{"name":"wp","href":"https:\/\/api.w.org\/{rel}","templated":true}]}}