{"id":2164,"date":"2013-06-24T11:00:58","date_gmt":"2013-06-24T09:00:58","guid":{"rendered":"http:\/\/waldkindergarten-berglen.de\/?p=2164"},"modified":"2013-06-24T11:00:58","modified_gmt":"2013-06-24T09:00:58","slug":"neues-aus-der-waldspielgruppe-40","status":"publish","type":"post","link":"https:\/\/waldkindergarten-berglen.de\/?p=2164","title":{"rendered":"Neues aus der Waldspielgruppe"},"content":{"rendered":"<p>Als \u00abecht gechillt\u00bb (entspannt) h\u00e4tte vielleicht so mancher Jugendliche unseren Vormittag am 19. Juni 2013 beschrieben. Und das bei 36 \u00b0 Celsius. Aber am bzw. im schattigen Wald hatten wir eine gute Zeit.<\/p>\n<p>Nochmals befassten wir uns mit dem Thema Marienk\u00e4fer, und die 2-3 j\u00e4hrigen verfolgten nach zwei Liedern gebannt, wie ein Pl\u00fcschmarienk\u00e4fer durch ein Pappbuchhindurch wanderte. Gerne h\u00e4tten alle nochmal, wie letzte Woche, Schokok\u00e4fer im Wald gesucht&#8230;<br \/>\nDieses Mal tropften wir mit rotem Wachs Punkte auf gr\u00fcnes Papier, setzten Kopf und F\u00fc\u00dfchen an, und schwupps hatten wir eine Marienk\u00e4ferwiese.<br \/>\nIm Wald verbrachten wir eine gute Zeit mit Klettern, Schw\u00e4tzen (auch die<br \/>\nKinder untereinander!), Vespern und Freispiel, bevor uns die Tageshitze einholte.<\/p>\n","protected":false},"excerpt":{"rendered":"<p>Als \u00abecht gechillt\u00bb (entspannt) h\u00e4tte vielleicht so mancher Jugendliche unseren Vormittag am 19. Juni 2013 beschrieben. Und das bei 36 \u00b0 Celsius. Aber am bzw. im schattigen Wald hatten wir eine gute Zeit. Nochmals befassten wir uns mit dem Thema Marienk\u00e4fer, und die 2-3 j\u00e4hrigen verfolgten nach zwei Liedern gebannt, wie ein Pl\u00fcschmarienk\u00e4fer durch ein&hellip; <a href=\"https:\/\/waldkindergarten-berglen.de\/?p=2164\" class=\"more-link\">Weiterlesen <span class=\"screen-reader-text\">Neues aus der Waldspielgruppe<\/span><\/a><\/p>\n","protected":false},"author":1,"featured_media":0,"comment_status":"closed","ping_status":"closed","sticky":false,"template":"","format":"standard","meta":{"ngg_post_thumbnail":0,"_jetpack_memberships_contains_paid_content":false,"footnotes":""},"categories":[11],"tags":[],"class_list":["post-2164","post","type-post","status-publish","format-standard","hentry","category-waldspielgruppenberichte-bis-2017"],"jetpack_featured_media_url":"","jetpack_sharing_enabled":true,"_links":{"self":[{"href":"https:\/\/waldkindergarten-berglen.de\/index.php?rest_route=\/wp\/v2\/posts\/2164","targetHints":{"allow":["GET"]}}],"collection":[{"href":"https:\/\/waldkindergarten-berglen.de\/index.php?rest_route=\/wp\/v2\/posts"}],"about":[{"href":"https:\/\/waldkindergarten-berglen.de\/index.php?rest_route=\/wp\/v2\/types\/post"}],"author":[{"embeddable":true,"href":"https:\/\/waldkindergarten-berglen.de\/index.php?rest_route=\/wp\/v2\/users\/1"}],"replies":[{"embeddable":true,"href":"https:\/\/waldkindergarten-berglen.de\/index.php?rest_route=%2Fwp%2Fv2%2Fcomments&post=2164"}],"version-history":[{"count":0,"href":"https:\/\/waldkindergarten-berglen.de\/index.php?rest_route=\/wp\/v2\/posts\/2164\/revisions"}],"wp:attachment":[{"href":"https:\/\/waldkindergarten-berglen.de\/index.php?rest_route=%2Fwp%2Fv2%2Fmedia&parent=2164"}],"wp:term":[{"taxonomy":"category","embeddable":true,"href":"https:\/\/waldkindergarten-berglen.de\/index.php?rest_route=%2Fwp%2Fv2%2Fcategories&post=2164"},{"taxonomy":"post_tag","embeddable":true,"href":"https:\/\/waldkindergarten-berglen.de\/index.php?rest_route=%2Fwp%2Fv2%2Ftags&post=2164"}],"curies":[{"name":"wp","href":"https:\/\/api.w.org\/{rel}","templated":true}]}}