{"id":2166,"date":"2013-07-01T12:00:38","date_gmt":"2013-07-01T12:00:38","guid":{"rendered":"http:\/\/waldkindergarten-berglen.de\/?p=2166"},"modified":"2013-07-01T12:00:38","modified_gmt":"2013-07-01T12:00:38","slug":"was-lebt-denn-im-bach","status":"publish","type":"post","link":"https:\/\/waldkindergarten-berglen.de\/?p=2166","title":{"rendered":"Was lebt denn im Bach?"},"content":{"rendered":"<p>Dieser Frage wollten unsere Waldkinder in der letzten Woche nachgehen. Nach einer&nbsp;Wanderung an einen nahegelegenen Bach holten unsere Kinder Kescher und Becherlupen hervor. Gemeinsam schauten sie sich K\u00f6cherfliegenlarven, Steinfliegenlarven, Bachflohkrebse und junge Flusskrebse an.<\/p>\n<p>Danach wurden die Tiere wieder im Bach freigelassen.<br \/>\nDie Kinder haben auch Staud\u00e4mme im Bach gebaut. Einige haben Schiffchen gebaut und in den Bach gesetzt.<br \/>\nBeim Spielen entdeckten sie eine Flaschenpost. Diese stammte vom kleinen Wassermann, der im Wasser lebt. Au\u00dferdem war ein Buch vom kleinen Wassermann im Bach versteckt. Was wohl f\u00fcr spannende Geschichten drin stehen.<br \/>\nZur\u00fcck im Wald haben sie noch an Bach und Wasser gedacht. Es gab Experimente. Sie durften Gegenst\u00e4nde in eine Sch\u00fcssel mit Wasser werfen und schauen: Was schwimmt und was geht unter. Auch den Wasserkreislauf durften sie \u00absehen\u00bb.<\/p>\n<figure id=\"attachment_2273\" aria-describedby=\"caption-attachment-2273\" style=\"width: 345px\" class=\"wp-caption alignnone\"><img loading=\"lazy\" decoding=\"async\" width=\"345\" height=\"460\" class=\"size-full wp-image-2273\" alt=\"Wasserkreislauf\" src=\"http:\/\/waldkindergarten-berglen.de\/wp-content\/uploads\/2013\/07\/785-1-1.jpg\"><figcaption id=\"caption-attachment-2273\" class=\"wp-caption-text\">Wasserkreislauf<\/figcaption><\/figure>\n<p>Sie haben geh\u00f6rt, wie das Wasser von der Quelle in Bach und Fluss zum Meer flie\u00dft und dort verdunstet. Um dies anschaulich zu machen, wurde eine Plexiglasscheibe \u00fcber kochendes Wasser gehalten. Da entdeckten sie wie der Dampf zu Wassertropfen wurde. An der Plexiglasscheibe waren Wassertropfen.<\/p>\n<p><em>Wussten Sie schon?<\/em><br \/>\n<em> Jedes Jahr verdunsten 400 000 Gigatonnen Meerwasser und 60 000 Gigatonnen Wasser vom Festland und kommen durch Niederschl\u00e4ge wieder auf die Erde, in die Fl\u00fcsse und Meere zur\u00fcck.<\/em><\/p>\n","protected":false},"excerpt":{"rendered":"<p>Dieser Frage wollten unsere Waldkinder in der letzten Woche nachgehen. Nach einer&nbsp;Wanderung an einen nahegelegenen Bach holten unsere Kinder Kescher und Becherlupen hervor. Gemeinsam schauten sie sich K\u00f6cherfliegenlarven, Steinfliegenlarven, Bachflohkrebse und junge Flusskrebse an. Danach wurden die Tiere wieder im Bach freigelassen. Die Kinder haben auch Staud\u00e4mme im Bach gebaut. Einige haben Schiffchen gebaut und&hellip; <a href=\"https:\/\/waldkindergarten-berglen.de\/?p=2166\" class=\"more-link\">Weiterlesen <span class=\"screen-reader-text\">Was lebt denn im Bach?<\/span><\/a><\/p>\n","protected":false},"author":1,"featured_media":0,"comment_status":"closed","ping_status":"closed","sticky":false,"template":"","format":"standard","meta":{"ngg_post_thumbnail":0,"_jetpack_memberships_contains_paid_content":false,"footnotes":""},"categories":[3],"tags":[],"class_list":["post-2166","post","type-post","status-publish","format-standard","hentry","category-berichte"],"jetpack_featured_media_url":"","jetpack_sharing_enabled":true,"_links":{"self":[{"href":"https:\/\/waldkindergarten-berglen.de\/index.php?rest_route=\/wp\/v2\/posts\/2166","targetHints":{"allow":["GET"]}}],"collection":[{"href":"https:\/\/waldkindergarten-berglen.de\/index.php?rest_route=\/wp\/v2\/posts"}],"about":[{"href":"https:\/\/waldkindergarten-berglen.de\/index.php?rest_route=\/wp\/v2\/types\/post"}],"author":[{"embeddable":true,"href":"https:\/\/waldkindergarten-berglen.de\/index.php?rest_route=\/wp\/v2\/users\/1"}],"replies":[{"embeddable":true,"href":"https:\/\/waldkindergarten-berglen.de\/index.php?rest_route=%2Fwp%2Fv2%2Fcomments&post=2166"}],"version-history":[{"count":0,"href":"https:\/\/waldkindergarten-berglen.de\/index.php?rest_route=\/wp\/v2\/posts\/2166\/revisions"}],"wp:attachment":[{"href":"https:\/\/waldkindergarten-berglen.de\/index.php?rest_route=%2Fwp%2Fv2%2Fmedia&parent=2166"}],"wp:term":[{"taxonomy":"category","embeddable":true,"href":"https:\/\/waldkindergarten-berglen.de\/index.php?rest_route=%2Fwp%2Fv2%2Fcategories&post=2166"},{"taxonomy":"post_tag","embeddable":true,"href":"https:\/\/waldkindergarten-berglen.de\/index.php?rest_route=%2Fwp%2Fv2%2Ftags&post=2166"}],"curies":[{"name":"wp","href":"https:\/\/api.w.org\/{rel}","templated":true}]}}