{"id":2168,"date":"2013-07-01T11:00:15","date_gmt":"2013-07-01T09:00:15","guid":{"rendered":"http:\/\/waldkindergarten-berglen.de\/?p=2168"},"modified":"2013-07-01T11:00:15","modified_gmt":"2013-07-01T09:00:15","slug":"neues-aus-der-waldspielgruppe-39","status":"publish","type":"post","link":"https:\/\/waldkindergarten-berglen.de\/?p=2168","title":{"rendered":"Neues aus der Waldspielgruppe"},"content":{"rendered":"<p>Bei nur 11 Grad, aber immerhin ohne Regen, kamen wir am 26.6.2013 zum Thema \u00abSpinne\u00bb zusammen.<br \/>\nNach zwei Fingerspielen spannten wir ein Netz aus Packschnur zwischen uns, und die 2-3J\u00e4hrigen durften sich mit einigem Vergn\u00fcgen als Spinnen durch dieses Netz bewegen.<br \/>\nAuf dem Weg zum Kletterberg stellte sich, wie so oft, die Frage, wer denn nun helfen darf, meinen Nachziehwagen zu ziehen. Diese Hilfe ist bei den kleinen Jungs sehr beliebt!<\/p>\n<figure id=\"attachment_2275\" aria-describedby=\"caption-attachment-2275\" style=\"width: 345px\" class=\"wp-caption alignnone\"><img loading=\"lazy\" decoding=\"async\" class=\"size-full wp-image-2275\" src=\"http:\/\/waldkindergarten-berglen.de\/wp-content\/uploads\/2013\/07\/784-1-1.jpg\" alt=\"Wer seinen Wagen liebt...\" width=\"345\" height=\"460\" \/><figcaption id=\"caption-attachment-2275\" class=\"wp-caption-text\">Wer seinen Wagen liebt&#8230;<\/figcaption><\/figure>\n<p>Um dem Faustrecht zuvorzukommen bestand die L\u00f6sung darin, dass einfach alle Jungs, ohne mich, den schweren Wagen ziehen. Klappte prima! Am Kletterberg wurden dann verschiedenste Runterrutschvariationen ausprobiert;\u00a0 Kopf voran b\u00e4uchlings oder runterkugelnd&#8230;alles war m\u00f6glich bei den mutigsten Kleinen.<br \/>\nAuf der Wiese bastelten wir dann aus gesammelten d\u00fcnnen \u00c4stchen und Sektkorken Spinnen, wobei die ganze Werkzeugpalette in begeistertem Einsatz war: R\u00e4\u00e4bsch\u00e4\u00e4r, Stifte, Handbohrer, Scheren, Schn\u00fcre&#8230;<br \/>\nMit einem Bewegungsspiel w\u00e4rmten wir uns etwas auf, bevor wir diesen sch\u00f6nen Vormittag beendeten.<\/p>\n","protected":false},"excerpt":{"rendered":"<p>Bei nur 11 Grad, aber immerhin ohne Regen, kamen wir am 26.6.2013 zum Thema \u00abSpinne\u00bb zusammen. Nach zwei Fingerspielen spannten wir ein Netz aus Packschnur zwischen uns, und die 2-3J\u00e4hrigen durften sich mit einigem Vergn\u00fcgen als Spinnen durch dieses Netz bewegen. Auf dem Weg zum Kletterberg stellte sich, wie so oft, die Frage, wer denn&hellip; <a href=\"https:\/\/waldkindergarten-berglen.de\/?p=2168\" class=\"more-link\">Weiterlesen <span class=\"screen-reader-text\">Neues aus der Waldspielgruppe<\/span><\/a><\/p>\n","protected":false},"author":1,"featured_media":0,"comment_status":"closed","ping_status":"closed","sticky":false,"template":"","format":"standard","meta":{"ngg_post_thumbnail":0,"_jetpack_memberships_contains_paid_content":false,"footnotes":""},"categories":[11],"tags":[],"class_list":["post-2168","post","type-post","status-publish","format-standard","hentry","category-waldspielgruppenberichte-bis-2017"],"jetpack_featured_media_url":"","jetpack_sharing_enabled":true,"_links":{"self":[{"href":"https:\/\/waldkindergarten-berglen.de\/index.php?rest_route=\/wp\/v2\/posts\/2168","targetHints":{"allow":["GET"]}}],"collection":[{"href":"https:\/\/waldkindergarten-berglen.de\/index.php?rest_route=\/wp\/v2\/posts"}],"about":[{"href":"https:\/\/waldkindergarten-berglen.de\/index.php?rest_route=\/wp\/v2\/types\/post"}],"author":[{"embeddable":true,"href":"https:\/\/waldkindergarten-berglen.de\/index.php?rest_route=\/wp\/v2\/users\/1"}],"replies":[{"embeddable":true,"href":"https:\/\/waldkindergarten-berglen.de\/index.php?rest_route=%2Fwp%2Fv2%2Fcomments&post=2168"}],"version-history":[{"count":0,"href":"https:\/\/waldkindergarten-berglen.de\/index.php?rest_route=\/wp\/v2\/posts\/2168\/revisions"}],"wp:attachment":[{"href":"https:\/\/waldkindergarten-berglen.de\/index.php?rest_route=%2Fwp%2Fv2%2Fmedia&parent=2168"}],"wp:term":[{"taxonomy":"category","embeddable":true,"href":"https:\/\/waldkindergarten-berglen.de\/index.php?rest_route=%2Fwp%2Fv2%2Fcategories&post=2168"},{"taxonomy":"post_tag","embeddable":true,"href":"https:\/\/waldkindergarten-berglen.de\/index.php?rest_route=%2Fwp%2Fv2%2Ftags&post=2168"}],"curies":[{"name":"wp","href":"https:\/\/api.w.org\/{rel}","templated":true}]}}