{"id":2172,"date":"2013-07-08T11:00:25","date_gmt":"2013-07-08T09:00:25","guid":{"rendered":"http:\/\/waldkindergarten-berglen.de\/?p=2172"},"modified":"2013-07-08T11:00:25","modified_gmt":"2013-07-08T09:00:25","slug":"neues-aus-der-waldspielgruppe-38","status":"publish","type":"post","link":"https:\/\/waldkindergarten-berglen.de\/?p=2172","title":{"rendered":"Neues aus der Waldspielgruppe"},"content":{"rendered":"<p>Mit Dauerregen, aber mild, zeigte sich der Mittwochvormittag am 3.Juli 2013.<br \/>\nWir konnten unsere Begr\u00fc\u00dfungsrunde und unsere Fingerspiele zum Thema \u00abSpinne\u00bb in der trockenen Schutzh\u00fctte machen, bevor wir in den Wald zum klettern, Spinnennetz bauen und einem weiteren Bewegungsspiel gingen.<\/p>\n<p>Man merkt, dass die Kinder zumeist schon \u00abgro\u00df\u00bb sind, sprich 3 Jahre, da sie beim Singen und Spielen begeistert mitmachen.<\/p>\n<p>Unabh\u00e4ngig vom Alter aber ist die Lust am vespern: Leckerer mitgebrachter Kuchen, frisches Obst und Gem\u00fcse, belegtes Brot&#8230;. Da wird rege getauscht und erz\u00e4hlt.<\/p>\n<p>Wir schauten uns ein Buch an, in dem eine Spinne ein Netz baut und immer wieder den Besuch anderer Tiere ignoriert, weil sie so besch\u00e4ftigt ist.<br \/>\nGenau so ein Netz malten wir mit wei\u00dfem Wachs auf ein Papier, das dann,- wie durch einen Zauber-, sichtbar wurde, als wir mit Wasserfarben dr\u00fcber malten. Den verregneten Vormittag hatten wir bestens genutzt und eine richtig gute Zeit miteinander verlebt.<\/p>\n","protected":false},"excerpt":{"rendered":"<p>Mit Dauerregen, aber mild, zeigte sich der Mittwochvormittag am 3.Juli 2013. Wir konnten unsere Begr\u00fc\u00dfungsrunde und unsere Fingerspiele zum Thema \u00abSpinne\u00bb in der trockenen Schutzh\u00fctte machen, bevor wir in den Wald zum klettern, Spinnennetz bauen und einem weiteren Bewegungsspiel gingen. Man merkt, dass die Kinder zumeist schon \u00abgro\u00df\u00bb sind, sprich 3 Jahre, da sie beim&hellip; <a href=\"https:\/\/waldkindergarten-berglen.de\/?p=2172\" class=\"more-link\">Weiterlesen <span class=\"screen-reader-text\">Neues aus der Waldspielgruppe<\/span><\/a><\/p>\n","protected":false},"author":1,"featured_media":0,"comment_status":"closed","ping_status":"closed","sticky":false,"template":"","format":"standard","meta":{"ngg_post_thumbnail":0,"_jetpack_memberships_contains_paid_content":false,"footnotes":""},"categories":[11],"tags":[],"class_list":["post-2172","post","type-post","status-publish","format-standard","hentry","category-waldspielgruppenberichte-bis-2017"],"jetpack_featured_media_url":"","jetpack_sharing_enabled":true,"_links":{"self":[{"href":"https:\/\/waldkindergarten-berglen.de\/index.php?rest_route=\/wp\/v2\/posts\/2172","targetHints":{"allow":["GET"]}}],"collection":[{"href":"https:\/\/waldkindergarten-berglen.de\/index.php?rest_route=\/wp\/v2\/posts"}],"about":[{"href":"https:\/\/waldkindergarten-berglen.de\/index.php?rest_route=\/wp\/v2\/types\/post"}],"author":[{"embeddable":true,"href":"https:\/\/waldkindergarten-berglen.de\/index.php?rest_route=\/wp\/v2\/users\/1"}],"replies":[{"embeddable":true,"href":"https:\/\/waldkindergarten-berglen.de\/index.php?rest_route=%2Fwp%2Fv2%2Fcomments&post=2172"}],"version-history":[{"count":0,"href":"https:\/\/waldkindergarten-berglen.de\/index.php?rest_route=\/wp\/v2\/posts\/2172\/revisions"}],"wp:attachment":[{"href":"https:\/\/waldkindergarten-berglen.de\/index.php?rest_route=%2Fwp%2Fv2%2Fmedia&parent=2172"}],"wp:term":[{"taxonomy":"category","embeddable":true,"href":"https:\/\/waldkindergarten-berglen.de\/index.php?rest_route=%2Fwp%2Fv2%2Fcategories&post=2172"},{"taxonomy":"post_tag","embeddable":true,"href":"https:\/\/waldkindergarten-berglen.de\/index.php?rest_route=%2Fwp%2Fv2%2Ftags&post=2172"}],"curies":[{"name":"wp","href":"https:\/\/api.w.org\/{rel}","templated":true}]}}