{"id":2176,"date":"2013-07-22T12:00:17","date_gmt":"2013-07-22T12:00:17","guid":{"rendered":"http:\/\/waldkindergarten-berglen.de\/?p=2176"},"modified":"2013-07-22T12:00:17","modified_gmt":"2013-07-22T12:00:17","slug":"die-grossen-werden-verabschiedet","status":"publish","type":"post","link":"https:\/\/waldkindergarten-berglen.de\/?p=2176","title":{"rendered":"Die Gro\u00dfen werden verabschiedet"},"content":{"rendered":"<p>Das Kindergartenjahr neigt sich dem Ende zu und so wurde in der letzten Woche ein Abschiedsfest f\u00fcr die angehenden Schulkinder gefeiert.<\/p>\n<p>Nach einem kleinen Kasperletheater welches&nbsp; von einer gestohlenen Schult\u00fcte handelte, die am Ende wieder seinen Besitzer fand, \u00fcbergaben die Erzieherinnen jedem seine selbst geflochtene Weidenschult\u00fcte.<\/p>\n<p>Ebenso seinen eigenen Ordner, worin die Zeit im Waldkindergarten in Wort und Bild dokumentiert ist. Auch besondere Gegenst\u00e4nde, selbst gemalte Bilder und Basteleien sind darin enthalten.<\/p>\n<p>Die Schult\u00fcten waren prall gef\u00fcllt mit&nbsp; einem Schnitzmesser, allerlei Fachwissen f\u00fcr Waldkenner; etwa einem Heft f\u00fcr Spurenleser oder einem Bestimmungsb\u00fcchlein \u00fcber die Tiere und B\u00e4ume unserer W\u00e4lder und nicht zuletzt einem Waldkindergarten-T-Shirt auf dem jedes der noch im Kindergarten verbleibenden Kinder einen bunten Handabdruck mit seinem Namen verewigt hat.<\/p>\n<figure id=\"attachment_2262\" aria-describedby=\"caption-attachment-2262\" style=\"width: 307px\" class=\"wp-caption alignnone\"><img loading=\"lazy\" decoding=\"async\" width=\"307\" height=\"460\" class=\"size-full wp-image-2262\" alt=\"Darf die Kunstst\u00fccke an ihre Besitzer \u00fcbergeben!\" src=\"http:\/\/waldkindergarten-berglen.de\/wp-content\/uploads\/2013\/07\/788-1-1.jpg\"><figcaption id=\"caption-attachment-2262\" class=\"wp-caption-text\">Darf die Kunstst\u00fccke an ihre Besitzer \u00fcbergeben!<\/figcaption><\/figure>\n<p>Stolz gingen die Gro\u00dfen nach dem Fest mit ihren Eltern nach Hause. Voller Vorfreude auf die Schule und der Gewissheit hier im Waldkindergarten stets herzlich begr\u00fc\u00dft zu werden.<\/p>\n<figure id=\"attachment_2263\" aria-describedby=\"caption-attachment-2263\" style=\"width: 460px\" class=\"wp-caption alignnone\"><img loading=\"lazy\" decoding=\"async\" width=\"460\" height=\"345\" class=\"size-full wp-image-2263\" alt=\"Die Schulanf\u00e4nger der Wichtelgruppe!&nbsp;\" src=\"http:\/\/waldkindergarten-berglen.de\/wp-content\/uploads\/2013\/07\/789-1-1.jpg\"><figcaption id=\"caption-attachment-2263\" class=\"wp-caption-text\">Die Schulanf\u00e4nger der Wichtelgruppe!<\/figcaption><\/figure>\n<p>Wir w\u00fcnschen Kevin, Jeremia, Ruben, Lilly, Lucy, und Mathea von der Wichtelgruppe und Yanick, Janne, Emely, Sofia, Nils, Anna und Mia von der Zwergengruppe einen guten Start in der Schule! Bewahrt die Zeit im Wald in Euren Herzen. Der Waldkindergarten wird Euch vermissen!<\/p>\n<figure id=\"attachment_2264\" aria-describedby=\"caption-attachment-2264\" style=\"width: 460px\" class=\"wp-caption alignnone\"><img loading=\"lazy\" decoding=\"async\" width=\"460\" height=\"307\" class=\"size-full wp-image-2264\" alt=\"Die Schulanf\u00e4nger der Zwergengruppe!\" src=\"http:\/\/waldkindergarten-berglen.de\/wp-content\/uploads\/2013\/07\/790-1-1.jpg\"><figcaption id=\"caption-attachment-2264\" class=\"wp-caption-text\">Die Schulanf\u00e4nger der Zwergengruppe!<\/figcaption><\/figure>\n<h4>Ferienzeit<\/h4>\n<p>Der Waldkindergarten macht vom 25.07. bis 08.09. Sommerferien.<\/p>\n<p>N\u00e4chste Woche k\u00f6nnen Sie an dieser Stelle den ersten Teil unseres Sommervierteilers mit vielen Informationen rund um den Waldkindergarten lesen!<\/p>\n<p><em>Wussten Sie schon?<\/em><br \/>\n<em>Dass Libellen in der Luft stehen, r\u00fcckw\u00e4rts fliegen, in Millisekunden die Richtung wechseln k\u00f6nnen und bis zu 50 km\/h erreichen k\u00f6nnen?<\/em><\/p>\n","protected":false},"excerpt":{"rendered":"<p>Das Kindergartenjahr neigt sich dem Ende zu und so wurde in der letzten Woche ein Abschiedsfest f\u00fcr die angehenden Schulkinder gefeiert. Nach einem kleinen Kasperletheater welches&nbsp; von einer gestohlenen Schult\u00fcte handelte, die am Ende wieder seinen Besitzer fand, \u00fcbergaben die Erzieherinnen jedem seine selbst geflochtene Weidenschult\u00fcte. Ebenso seinen eigenen Ordner, worin die Zeit im Waldkindergarten&hellip; <a href=\"https:\/\/waldkindergarten-berglen.de\/?p=2176\" class=\"more-link\">Weiterlesen <span class=\"screen-reader-text\">Die Gro\u00dfen werden verabschiedet<\/span><\/a><\/p>\n","protected":false},"author":1,"featured_media":0,"comment_status":"closed","ping_status":"closed","sticky":false,"template":"","format":"standard","meta":{"ngg_post_thumbnail":0,"_jetpack_memberships_contains_paid_content":false,"footnotes":""},"categories":[3],"tags":[],"class_list":["post-2176","post","type-post","status-publish","format-standard","hentry","category-berichte"],"jetpack_featured_media_url":"","jetpack_sharing_enabled":true,"_links":{"self":[{"href":"https:\/\/waldkindergarten-berglen.de\/index.php?rest_route=\/wp\/v2\/posts\/2176","targetHints":{"allow":["GET"]}}],"collection":[{"href":"https:\/\/waldkindergarten-berglen.de\/index.php?rest_route=\/wp\/v2\/posts"}],"about":[{"href":"https:\/\/waldkindergarten-berglen.de\/index.php?rest_route=\/wp\/v2\/types\/post"}],"author":[{"embeddable":true,"href":"https:\/\/waldkindergarten-berglen.de\/index.php?rest_route=\/wp\/v2\/users\/1"}],"replies":[{"embeddable":true,"href":"https:\/\/waldkindergarten-berglen.de\/index.php?rest_route=%2Fwp%2Fv2%2Fcomments&post=2176"}],"version-history":[{"count":0,"href":"https:\/\/waldkindergarten-berglen.de\/index.php?rest_route=\/wp\/v2\/posts\/2176\/revisions"}],"wp:attachment":[{"href":"https:\/\/waldkindergarten-berglen.de\/index.php?rest_route=%2Fwp%2Fv2%2Fmedia&parent=2176"}],"wp:term":[{"taxonomy":"category","embeddable":true,"href":"https:\/\/waldkindergarten-berglen.de\/index.php?rest_route=%2Fwp%2Fv2%2Fcategories&post=2176"},{"taxonomy":"post_tag","embeddable":true,"href":"https:\/\/waldkindergarten-berglen.de\/index.php?rest_route=%2Fwp%2Fv2%2Ftags&post=2176"}],"curies":[{"name":"wp","href":"https:\/\/api.w.org\/{rel}","templated":true}]}}