{"id":2178,"date":"2013-07-22T11:00:55","date_gmt":"2013-07-22T09:00:55","guid":{"rendered":"http:\/\/waldkindergarten-berglen.de\/?p=2178"},"modified":"2013-07-22T11:00:55","modified_gmt":"2013-07-22T09:00:55","slug":"neues-aus-der-waldspielgruppe-37","status":"publish","type":"post","link":"https:\/\/waldkindergarten-berglen.de\/?p=2178","title":{"rendered":"Neues aus der Waldspielgruppe"},"content":{"rendered":"<p>Am 17. Juli 2013 erlebten wir einen sch\u00f6nen Sommervormittag in kleiner Runde. Gerade mal in halber Gruppenst\u00e4rke hielten wir unsere Begr\u00fc\u00dfungsrunde, lernten neue Bewegungslieder und machten uns dann auf den Weg in den k\u00fchlen Wald.Umgeben von zig Stechm\u00fccken (danke an die Erfinder von Autan!), sammelten die Kleinen verschiedene Naturmaterialien wie Bl\u00e4tter, Heu, Zweiglein, Bl\u00fcten, Rinde, Zapfen etc., um nach dem Vesper im Wald ein Bild daraus zu legen.Zuerst erschloss sich ihnen nicht der Sinn, auf einer Vorlage Felder mit dem Material auszulegen; aber nach und nach wurde ein sch\u00f6nes Bild daraus, das so manches Kind dann noch weiterverzierte.<\/p>\n<figure id=\"attachment_2265\" aria-describedby=\"caption-attachment-2265\" style=\"width: 460px\" class=\"wp-caption alignnone\"><img loading=\"lazy\" decoding=\"async\" class=\"size-full wp-image-2265\" src=\"http:\/\/waldkindergarten-berglen.de\/wp-content\/uploads\/2013\/07\/791-1-1.jpg\" alt=\"Ein Unikat!\" width=\"460\" height=\"345\" \/><figcaption id=\"caption-attachment-2265\" class=\"wp-caption-text\">Ein Unikat!<\/figcaption><\/figure>\n<p>Die Erwachsenen unterhielten sich entspannt, w\u00e4hrend die Kinder Freispiel hatten. Wir hatten mal wieder einen \u00abheile Welt\u00bb- Vormittag erlebt.<\/p>\n","protected":false},"excerpt":{"rendered":"<p>Am 17. Juli 2013 erlebten wir einen sch\u00f6nen Sommervormittag in kleiner Runde. Gerade mal in halber Gruppenst\u00e4rke hielten wir unsere Begr\u00fc\u00dfungsrunde, lernten neue Bewegungslieder und machten uns dann auf den Weg in den k\u00fchlen Wald.Umgeben von zig Stechm\u00fccken (danke an die Erfinder von Autan!), sammelten die Kleinen verschiedene Naturmaterialien wie Bl\u00e4tter, Heu, Zweiglein, Bl\u00fcten, Rinde,&hellip; <a href=\"https:\/\/waldkindergarten-berglen.de\/?p=2178\" class=\"more-link\">Weiterlesen <span class=\"screen-reader-text\">Neues aus der Waldspielgruppe<\/span><\/a><\/p>\n","protected":false},"author":1,"featured_media":0,"comment_status":"closed","ping_status":"closed","sticky":false,"template":"","format":"standard","meta":{"ngg_post_thumbnail":0,"_jetpack_memberships_contains_paid_content":false,"footnotes":""},"categories":[11],"tags":[],"class_list":["post-2178","post","type-post","status-publish","format-standard","hentry","category-waldspielgruppenberichte-bis-2017"],"jetpack_featured_media_url":"","jetpack_sharing_enabled":true,"_links":{"self":[{"href":"https:\/\/waldkindergarten-berglen.de\/index.php?rest_route=\/wp\/v2\/posts\/2178","targetHints":{"allow":["GET"]}}],"collection":[{"href":"https:\/\/waldkindergarten-berglen.de\/index.php?rest_route=\/wp\/v2\/posts"}],"about":[{"href":"https:\/\/waldkindergarten-berglen.de\/index.php?rest_route=\/wp\/v2\/types\/post"}],"author":[{"embeddable":true,"href":"https:\/\/waldkindergarten-berglen.de\/index.php?rest_route=\/wp\/v2\/users\/1"}],"replies":[{"embeddable":true,"href":"https:\/\/waldkindergarten-berglen.de\/index.php?rest_route=%2Fwp%2Fv2%2Fcomments&post=2178"}],"version-history":[{"count":0,"href":"https:\/\/waldkindergarten-berglen.de\/index.php?rest_route=\/wp\/v2\/posts\/2178\/revisions"}],"wp:attachment":[{"href":"https:\/\/waldkindergarten-berglen.de\/index.php?rest_route=%2Fwp%2Fv2%2Fmedia&parent=2178"}],"wp:term":[{"taxonomy":"category","embeddable":true,"href":"https:\/\/waldkindergarten-berglen.de\/index.php?rest_route=%2Fwp%2Fv2%2Fcategories&post=2178"},{"taxonomy":"post_tag","embeddable":true,"href":"https:\/\/waldkindergarten-berglen.de\/index.php?rest_route=%2Fwp%2Fv2%2Ftags&post=2178"}],"curies":[{"name":"wp","href":"https:\/\/api.w.org\/{rel}","templated":true}]}}