{"id":2182,"date":"2013-03-11T12:00:13","date_gmt":"2013-03-11T12:00:13","guid":{"rendered":"http:\/\/waldkindergarten-berglen.de\/?p=2182"},"modified":"2013-03-11T12:00:13","modified_gmt":"2013-03-11T12:00:13","slug":"komm-doch-lieber-fruehling","status":"publish","type":"post","link":"https:\/\/waldkindergarten-berglen.de\/?p=2182","title":{"rendered":"Komm doch, lieber Fr\u00fchling"},"content":{"rendered":"<p>Bei den fr\u00fchlingshaften Temperaturen der letzten Woche konnten wir den Fr\u00fchling schon erahnen. Erste Blumen sprie\u00dfen. V\u00f6gel haben gezwitschert. Die Vogelfrau sucht sich ihren Vogelmann.&nbsp;<\/p>\n<p>Sie bauen&nbsp;sich ihre Nester. Das wollen wir auch versuchen. Wir haben uns auch ein Vogelnest aus Heu gebaut.<\/p>\n<p>Auch die Sonnenstrahlen&nbsp; haben wir genossen. Wir k\u00f6nnen wieder verweilen. Schnell sind Feilen, Schnitzmesser, und S\u00e4gen ausgepackt. Bilderb\u00fccher haben wir angesehen und Geschichten geh\u00f6rt.<\/p>\n<figure id=\"attachment_2665\" aria-describedby=\"caption-attachment-2665\" style=\"width: 345px\" class=\"wp-caption alignnone\"><img loading=\"lazy\" decoding=\"async\" width=\"345\" height=\"460\" class=\"size-full wp-image-2665\" alt=\"Wir s\u00e4gen\" src=\"http:\/\/waldkindergarten-berglen.de\/wp-content\/uploads\/2016\/11\/728-1-1.jpg\"><figcaption id=\"caption-attachment-2665\" class=\"wp-caption-text\">Wir s\u00e4gen<\/figcaption><\/figure>\n<figure id=\"attachment_2664\" aria-describedby=\"caption-attachment-2664\" style=\"width: 460px\" class=\"wp-caption alignnone\"><img loading=\"lazy\" decoding=\"async\" width=\"460\" height=\"345\" class=\"size-full wp-image-2664\" alt=\"Geschichten unter den Sonnenstrahlen\" src=\"http:\/\/waldkindergarten-berglen.de\/wp-content\/uploads\/2016\/11\/727-1-1.jpg\"><figcaption id=\"caption-attachment-2664\" class=\"wp-caption-text\">Geschichten unter den Sonnenstrahlen<\/figcaption><\/figure>\n<p>Mit Marionetten haben wir den Winter und den Fr\u00fchling gespielt. Zu unserem Lied:&nbsp;\u00abKomm doch, lieber Fr\u00fchling, komm doch bald herbei, jag den Winter fort und mach das Leben frei\u00bb&nbsp; ist der Winter fort und der Fr\u00fchling herbei geschwebt.<\/p>\n<p><em>Wussten Sie schon?<\/em><br \/>\n<em>Die meisten Zwiebeln sind f\u00fcr S\u00e4ugetiere also auch Menschen giftig. Fast nur Zwiebeln aus der Lauchfamilie wie K\u00fcchenzwiebel, Schalotte und Knoblauch sind f\u00fcr die Menschen essbar, nicht jedoch f\u00fcr Hunde.<\/em><\/p>\n","protected":false},"excerpt":{"rendered":"<p>Bei den fr\u00fchlingshaften Temperaturen der letzten Woche konnten wir den Fr\u00fchling schon erahnen. Erste Blumen sprie\u00dfen. V\u00f6gel haben gezwitschert. Die Vogelfrau sucht sich ihren Vogelmann.&nbsp; Sie bauen&nbsp;sich ihre Nester. Das wollen wir auch versuchen. Wir haben uns auch ein Vogelnest aus Heu gebaut. Auch die Sonnenstrahlen&nbsp; haben wir genossen. Wir k\u00f6nnen wieder verweilen. Schnell sind&hellip; <a href=\"https:\/\/waldkindergarten-berglen.de\/?p=2182\" class=\"more-link\">Weiterlesen <span class=\"screen-reader-text\">Komm doch, lieber Fr\u00fchling<\/span><\/a><\/p>\n","protected":false},"author":1,"featured_media":0,"comment_status":"closed","ping_status":"closed","sticky":false,"template":"","format":"standard","meta":{"ngg_post_thumbnail":0,"_jetpack_memberships_contains_paid_content":false,"footnotes":""},"categories":[3],"tags":[],"class_list":["post-2182","post","type-post","status-publish","format-standard","hentry","category-berichte"],"jetpack_featured_media_url":"","jetpack_sharing_enabled":true,"_links":{"self":[{"href":"https:\/\/waldkindergarten-berglen.de\/index.php?rest_route=\/wp\/v2\/posts\/2182","targetHints":{"allow":["GET"]}}],"collection":[{"href":"https:\/\/waldkindergarten-berglen.de\/index.php?rest_route=\/wp\/v2\/posts"}],"about":[{"href":"https:\/\/waldkindergarten-berglen.de\/index.php?rest_route=\/wp\/v2\/types\/post"}],"author":[{"embeddable":true,"href":"https:\/\/waldkindergarten-berglen.de\/index.php?rest_route=\/wp\/v2\/users\/1"}],"replies":[{"embeddable":true,"href":"https:\/\/waldkindergarten-berglen.de\/index.php?rest_route=%2Fwp%2Fv2%2Fcomments&post=2182"}],"version-history":[{"count":0,"href":"https:\/\/waldkindergarten-berglen.de\/index.php?rest_route=\/wp\/v2\/posts\/2182\/revisions"}],"wp:attachment":[{"href":"https:\/\/waldkindergarten-berglen.de\/index.php?rest_route=%2Fwp%2Fv2%2Fmedia&parent=2182"}],"wp:term":[{"taxonomy":"category","embeddable":true,"href":"https:\/\/waldkindergarten-berglen.de\/index.php?rest_route=%2Fwp%2Fv2%2Fcategories&post=2182"},{"taxonomy":"post_tag","embeddable":true,"href":"https:\/\/waldkindergarten-berglen.de\/index.php?rest_route=%2Fwp%2Fv2%2Ftags&post=2182"}],"curies":[{"name":"wp","href":"https:\/\/api.w.org\/{rel}","templated":true}]}}