{"id":2184,"date":"2013-03-18T12:00:40","date_gmt":"2013-03-18T12:00:40","guid":{"rendered":"http:\/\/waldkindergarten-berglen.de\/?p=2184"},"modified":"2013-03-18T12:00:40","modified_gmt":"2013-03-18T12:00:40","slug":"ein-hase-nach-unserer-vorstellung","status":"publish","type":"post","link":"https:\/\/waldkindergarten-berglen.de\/?p=2184","title":{"rendered":"Ein Hase nach unserer Vorstellung"},"content":{"rendered":"<p>Nun da der Waldboden schon immer wieder mal auftaut, zeigen sich auch wieder die vielen Stellen, an denen Lehm zutage tritt.<br \/>\nDies nutzten unsere Erzieherinnen f\u00fcr eine ganz spezielle Aufgabe:<\/p>\n<p>Jedes Kind sollte sich eine handvoll Lehm \u00absch\u00f6pfen\u00bb und daraus einen Hasen formen.<\/p>\n<p>Dabei sollten sie versuchen, die besonderen Details (wie z.B. die langen Ohren) zu ber\u00fccksichtigen und umzusetzen.<\/p>\n<p>Nat\u00fcrlich ganz nach den individuellen F\u00e4higkeiten.<\/p>\n<p>Die Motivation bei den Kindern war sehr gro\u00df und alle arbeiteten konzentriert an ihrem ganz pers\u00f6nlichen Projekt.<\/p>\n<p>Faszinierend war es am Ende zu sehen, dass jedem Kind ein anderes Detail wichtig war.<\/p>\n<p>W\u00e4hrend der eine Hase sehr lange Ohren hatte, bekam ein anderer ein Stummelschw\u00e4nzchen und ein dritter besonders sch\u00f6ne Augen.<\/p>\n<p>Doch eines haben alle Hasen gemeinsam: Sie wurden mit einem H\u00f6chstma\u00df an visueller Vorstellungskraft, feinmotorischer F\u00e4higkeit und viel Geduld liebevoll erschaffen.<\/p>\n<figure id=\"attachment_2314\" aria-describedby=\"caption-attachment-2314\" style=\"width: 460px\" class=\"wp-caption alignnone\"><img loading=\"lazy\" decoding=\"async\" width=\"460\" height=\"346\" class=\"size-full wp-image-2314\" alt=\"Mein Tonhase!\" src=\"http:\/\/waldkindergarten-berglen.de\/wp-content\/uploads\/2013\/03\/729-1-1.jpg\"><figcaption id=\"caption-attachment-2314\" class=\"wp-caption-text\">Mein Tonhase!<\/figcaption><\/figure>\n<p><em>Wussten Sie schon?<\/em><br \/>\n<em> Dass der Gartenrotschwanz morgens um 3 Uhr als erster seinen Gesang vom h\u00f6chsten Punkt des Baumes anstimmt, da er erst im April aus der Sahara zur\u00fcckkehrt und alle anderen Nistpl\u00e4tze dann belegt sind?<\/em><\/p>\n","protected":false},"excerpt":{"rendered":"<p>Nun da der Waldboden schon immer wieder mal auftaut, zeigen sich auch wieder die vielen Stellen, an denen Lehm zutage tritt. Dies nutzten unsere Erzieherinnen f\u00fcr eine ganz spezielle Aufgabe: Jedes Kind sollte sich eine handvoll Lehm \u00absch\u00f6pfen\u00bb und daraus einen Hasen formen. Dabei sollten sie versuchen, die besonderen Details (wie z.B. die langen Ohren)&hellip; <a href=\"https:\/\/waldkindergarten-berglen.de\/?p=2184\" class=\"more-link\">Weiterlesen <span class=\"screen-reader-text\">Ein Hase nach unserer Vorstellung<\/span><\/a><\/p>\n","protected":false},"author":1,"featured_media":0,"comment_status":"closed","ping_status":"closed","sticky":false,"template":"","format":"standard","meta":{"ngg_post_thumbnail":0,"_jetpack_memberships_contains_paid_content":false,"footnotes":""},"categories":[3],"tags":[],"class_list":["post-2184","post","type-post","status-publish","format-standard","hentry","category-berichte"],"jetpack_featured_media_url":"","jetpack_sharing_enabled":true,"_links":{"self":[{"href":"https:\/\/waldkindergarten-berglen.de\/index.php?rest_route=\/wp\/v2\/posts\/2184","targetHints":{"allow":["GET"]}}],"collection":[{"href":"https:\/\/waldkindergarten-berglen.de\/index.php?rest_route=\/wp\/v2\/posts"}],"about":[{"href":"https:\/\/waldkindergarten-berglen.de\/index.php?rest_route=\/wp\/v2\/types\/post"}],"author":[{"embeddable":true,"href":"https:\/\/waldkindergarten-berglen.de\/index.php?rest_route=\/wp\/v2\/users\/1"}],"replies":[{"embeddable":true,"href":"https:\/\/waldkindergarten-berglen.de\/index.php?rest_route=%2Fwp%2Fv2%2Fcomments&post=2184"}],"version-history":[{"count":0,"href":"https:\/\/waldkindergarten-berglen.de\/index.php?rest_route=\/wp\/v2\/posts\/2184\/revisions"}],"wp:attachment":[{"href":"https:\/\/waldkindergarten-berglen.de\/index.php?rest_route=%2Fwp%2Fv2%2Fmedia&parent=2184"}],"wp:term":[{"taxonomy":"category","embeddable":true,"href":"https:\/\/waldkindergarten-berglen.de\/index.php?rest_route=%2Fwp%2Fv2%2Fcategories&post=2184"},{"taxonomy":"post_tag","embeddable":true,"href":"https:\/\/waldkindergarten-berglen.de\/index.php?rest_route=%2Fwp%2Fv2%2Ftags&post=2184"}],"curies":[{"name":"wp","href":"https:\/\/api.w.org\/{rel}","templated":true}]}}