{"id":2188,"date":"2013-04-01T12:00:34","date_gmt":"2013-04-01T12:00:34","guid":{"rendered":"http:\/\/waldkindergarten-berglen.de\/?p=2188"},"modified":"2013-04-01T12:00:34","modified_gmt":"2013-04-01T12:00:34","slug":"wir-lieben-den-fruehling","status":"publish","type":"post","link":"https:\/\/waldkindergarten-berglen.de\/?p=2188","title":{"rendered":"Wir lieben den Fr\u00fchling"},"content":{"rendered":"<p>In den Osterferien durften wir den einen oder anderen sch\u00f6nen Tag bereits genie\u00dfen.<br \/>\nWir glauben fest daran, dass dies die Vorboten des Fr\u00fchlings sind und wir im Waldkindergarten schon bald eine regelrechte Explosion der Natur erleben d\u00fcrfen.<\/p>\n<h4>Kerzinger Hoffest<\/h4>\n<p>Auch dieses Jahr d\u00fcrfen wir wieder auf dem Hoffest der Familie Kerzinger im Spechtshof mitwirken. Wir freuen uns schon sehr darauf Sie dort am Sonntag, den 14.04.13 mit vielen selbstgebackenen Kuchen, Kaffee und einigen Aktivit\u00e4ten f\u00fcr die Kinder begr\u00fc\u00dfen zu d\u00fcrfen!<\/p>\n<p><em>Wussten Sie schon?<\/em><br \/>\n<em>Dass die Igel (die ab einer Temperatur von 15\u00b0C vom Winterschlaf erwachen) von allen Feldbewohnern sehnlichst wieder erwartet werden, da die Igel m\u00fchsam kleine Trampelpfade erzeugen, auf denen sich dann dass ganze Jahr \u00fcber s\u00e4mtliche Tiere bewegen?<\/em><\/p>\n","protected":false},"excerpt":{"rendered":"<p>In den Osterferien durften wir den einen oder anderen sch\u00f6nen Tag bereits genie\u00dfen. Wir glauben fest daran, dass dies die Vorboten des Fr\u00fchlings sind und wir im Waldkindergarten schon bald eine regelrechte Explosion der Natur erleben d\u00fcrfen. Kerzinger Hoffest Auch dieses Jahr d\u00fcrfen wir wieder auf dem Hoffest der Familie Kerzinger im Spechtshof mitwirken. Wir&hellip; <a href=\"https:\/\/waldkindergarten-berglen.de\/?p=2188\" class=\"more-link\">Weiterlesen <span class=\"screen-reader-text\">Wir lieben den Fr\u00fchling<\/span><\/a><\/p>\n","protected":false},"author":1,"featured_media":0,"comment_status":"closed","ping_status":"closed","sticky":false,"template":"","format":"standard","meta":{"ngg_post_thumbnail":0,"_jetpack_memberships_contains_paid_content":false,"footnotes":""},"categories":[3],"tags":[],"class_list":["post-2188","post","type-post","status-publish","format-standard","hentry","category-berichte"],"jetpack_featured_media_url":"","jetpack_sharing_enabled":true,"_links":{"self":[{"href":"https:\/\/waldkindergarten-berglen.de\/index.php?rest_route=\/wp\/v2\/posts\/2188","targetHints":{"allow":["GET"]}}],"collection":[{"href":"https:\/\/waldkindergarten-berglen.de\/index.php?rest_route=\/wp\/v2\/posts"}],"about":[{"href":"https:\/\/waldkindergarten-berglen.de\/index.php?rest_route=\/wp\/v2\/types\/post"}],"author":[{"embeddable":true,"href":"https:\/\/waldkindergarten-berglen.de\/index.php?rest_route=\/wp\/v2\/users\/1"}],"replies":[{"embeddable":true,"href":"https:\/\/waldkindergarten-berglen.de\/index.php?rest_route=%2Fwp%2Fv2%2Fcomments&post=2188"}],"version-history":[{"count":0,"href":"https:\/\/waldkindergarten-berglen.de\/index.php?rest_route=\/wp\/v2\/posts\/2188\/revisions"}],"wp:attachment":[{"href":"https:\/\/waldkindergarten-berglen.de\/index.php?rest_route=%2Fwp%2Fv2%2Fmedia&parent=2188"}],"wp:term":[{"taxonomy":"category","embeddable":true,"href":"https:\/\/waldkindergarten-berglen.de\/index.php?rest_route=%2Fwp%2Fv2%2Fcategories&post=2188"},{"taxonomy":"post_tag","embeddable":true,"href":"https:\/\/waldkindergarten-berglen.de\/index.php?rest_route=%2Fwp%2Fv2%2Ftags&post=2188"}],"curies":[{"name":"wp","href":"https:\/\/api.w.org\/{rel}","templated":true}]}}