{"id":2194,"date":"2013-04-22T12:00:26","date_gmt":"2013-04-22T12:00:26","guid":{"rendered":"http:\/\/waldkindergarten-berglen.de\/?p=2194"},"modified":"2013-04-22T12:00:26","modified_gmt":"2013-04-22T12:00:26","slug":"baerlauch-schmeckt-lecker","status":"publish","type":"post","link":"https:\/\/waldkindergarten-berglen.de\/?p=2194","title":{"rendered":"B\u00e4rlauch schmeckt lecker"},"content":{"rendered":"<p>Bei sch\u00f6nem Sonnenschein sind wir mit einem K\u00f6rbchen in den Wald gewandert. Nach einer Weile kam uns der Duft von B\u00e4rlauch entgegen. Rasch waren unsere K\u00f6rbchen voll mit duftendem B\u00e4rlauch.<\/p>\n<p>Danach haben wir uns noch am Wasser des B\u00e4chleins erfreut und im Bach gespielt.<\/p>\n<figure id=\"attachment_2302\" aria-describedby=\"caption-attachment-2302\" style=\"width: 460px\" class=\"wp-caption alignnone\"><img loading=\"lazy\" decoding=\"async\" width=\"460\" height=\"345\" class=\"size-full wp-image-2302\" alt=\"Wir haben flei\u00dfig B\u00e4rlauch gesammelt\" src=\"http:\/\/waldkindergarten-berglen.de\/wp-content\/uploads\/2013\/04\/762-1-1.jpg\"><figcaption id=\"caption-attachment-2302\" class=\"wp-caption-text\">Wir haben flei\u00dfig B\u00e4rlauch gesammelt<\/figcaption><\/figure>\n<p>Am n\u00e4chsten Tag r\u00fchrten wir Mehl, Eier, Milch und klein geschnittenen B\u00e4rlauch zusammen. An unserer Feuerstelle haben wir B\u00e4rlauch- Pfannkuchen ausgebacken. Mit Quark schmeckten die Pfannkuchen einfach lecker.<\/p>\n<figure id=\"attachment_2303\" aria-describedby=\"caption-attachment-2303\" style=\"width: 460px\" class=\"wp-caption alignnone\"><img loading=\"lazy\" decoding=\"async\" width=\"460\" height=\"345\" class=\"size-full wp-image-2303\" alt=\"Lecker! B\u00e4rlauch-Pfannkuchen\" src=\"http:\/\/waldkindergarten-berglen.de\/wp-content\/uploads\/2013\/04\/763-1-1.jpg\"><figcaption id=\"caption-attachment-2303\" class=\"wp-caption-text\">Lecker! B\u00e4rlauch-Pfannkuchen<\/figcaption><\/figure>\n<h4>Praktikum im Wald<\/h4>\n<p>In den letzten beiden Wochen begleitete Praktikantin Lilian die Wichtelgruppe. Vielen Dank, liebe Lilian, f\u00fcr deine Mithilfe.<\/p>\n<h4>Der Fr\u00fchling kommt<\/h4>\n<p>Jeden Tag sehen wir ein St\u00fcckchen mehr vom Fr\u00fchling. Die Knospen gehen auf. W\u00fcrmer und Schnecken kommen aus ihren Winterverstecken. Mit unseren Becherlupen k\u00f6nnen wir dies alles wunderbar beobachten.<\/p>\n<p><em>Wussten Sie schon?<\/em><br \/>\n<em>B\u00e4rlauch enth\u00e4lt viel Vitamin C und viel Eisen. Er wirkt damit gegen Fr\u00fchjahrsm\u00fcdigkeit und ist blutbildend.<\/em><\/p>\n","protected":false},"excerpt":{"rendered":"<p>Bei sch\u00f6nem Sonnenschein sind wir mit einem K\u00f6rbchen in den Wald gewandert. Nach einer Weile kam uns der Duft von B\u00e4rlauch entgegen. Rasch waren unsere K\u00f6rbchen voll mit duftendem B\u00e4rlauch. Danach haben wir uns noch am Wasser des B\u00e4chleins erfreut und im Bach gespielt. Am n\u00e4chsten Tag r\u00fchrten wir Mehl, Eier, Milch und klein geschnittenen&hellip; <a href=\"https:\/\/waldkindergarten-berglen.de\/?p=2194\" class=\"more-link\">Weiterlesen <span class=\"screen-reader-text\">B\u00e4rlauch schmeckt lecker<\/span><\/a><\/p>\n","protected":false},"author":1,"featured_media":0,"comment_status":"closed","ping_status":"closed","sticky":false,"template":"","format":"standard","meta":{"ngg_post_thumbnail":0,"_jetpack_memberships_contains_paid_content":false,"footnotes":""},"categories":[3],"tags":[],"class_list":["post-2194","post","type-post","status-publish","format-standard","hentry","category-berichte"],"jetpack_featured_media_url":"","jetpack_sharing_enabled":true,"_links":{"self":[{"href":"https:\/\/waldkindergarten-berglen.de\/index.php?rest_route=\/wp\/v2\/posts\/2194","targetHints":{"allow":["GET"]}}],"collection":[{"href":"https:\/\/waldkindergarten-berglen.de\/index.php?rest_route=\/wp\/v2\/posts"}],"about":[{"href":"https:\/\/waldkindergarten-berglen.de\/index.php?rest_route=\/wp\/v2\/types\/post"}],"author":[{"embeddable":true,"href":"https:\/\/waldkindergarten-berglen.de\/index.php?rest_route=\/wp\/v2\/users\/1"}],"replies":[{"embeddable":true,"href":"https:\/\/waldkindergarten-berglen.de\/index.php?rest_route=%2Fwp%2Fv2%2Fcomments&post=2194"}],"version-history":[{"count":0,"href":"https:\/\/waldkindergarten-berglen.de\/index.php?rest_route=\/wp\/v2\/posts\/2194\/revisions"}],"wp:attachment":[{"href":"https:\/\/waldkindergarten-berglen.de\/index.php?rest_route=%2Fwp%2Fv2%2Fmedia&parent=2194"}],"wp:term":[{"taxonomy":"category","embeddable":true,"href":"https:\/\/waldkindergarten-berglen.de\/index.php?rest_route=%2Fwp%2Fv2%2Fcategories&post=2194"},{"taxonomy":"post_tag","embeddable":true,"href":"https:\/\/waldkindergarten-berglen.de\/index.php?rest_route=%2Fwp%2Fv2%2Ftags&post=2194"}],"curies":[{"name":"wp","href":"https:\/\/api.w.org\/{rel}","templated":true}]}}