{"id":2202,"date":"2012-12-17T12:00:30","date_gmt":"2012-12-17T12:00:30","guid":{"rendered":"http:\/\/waldkindergarten-berglen.de\/?p=2202"},"modified":"2012-12-17T12:00:30","modified_gmt":"2012-12-17T12:00:30","slug":"es-schneit-es-schneit-kommt-alle-aus-dem-haus","status":"publish","type":"post","link":"https:\/\/waldkindergarten-berglen.de\/?p=2202","title":{"rendered":"Es schneit, es schneit, kommt alle aus dem Haus\u2026"},"content":{"rendered":"<p>Als letzte Woche Schnee fiel und die Wiesen und B\u00e4ume bedeckte, haben sich unsere Waldkinder sehr gefreut. Sie brachten ihre Schlitten mit und rodelten den Berg hinunter.&nbsp;<\/p>\n<p>Auf der Schlittenbahn haben sie Schanzen gebaut. Auch eine Schneeballschlacht durfte nicht fehlen. Mit dem Schnee konnten unsere Kinder wundervolle Schneem\u00e4nner und Schneehasen bauen, die ihnen dann entgegen gelacht haben.<\/p>\n<figure id=\"attachment_2649\" aria-describedby=\"caption-attachment-2649\" style=\"width: 460px\" class=\"wp-caption alignnone\"><img loading=\"lazy\" decoding=\"async\" width=\"460\" height=\"345\" class=\"size-full wp-image-2649\" alt=\"Schneehase und Schneenikolaus\" src=\"http:\/\/waldkindergarten-berglen.de\/wp-content\/uploads\/2016\/11\/698-1-1.jpg\"><figcaption id=\"caption-attachment-2649\" class=\"wp-caption-text\">Schneehase und Schneenikolaus<\/figcaption><\/figure>\n<p>Nach dem Spiel im Schnee ist die Adventsgeschichte ein sch\u00f6ner Abschluss. Am Ende der Adventsgeschichte f\u00e4llt dann immer Sternenstaub auf ein Kind. Dieses Kind erh\u00e4lt dann sein Adventsp\u00e4ckchen.<\/p>\n<p>Nina Aeckerle hat uns im Rahmen eines Praktikums 6 Wochen begleitet. Vielen Dank liebe Nina f\u00fcr Deine Mithilfe. Wir w\u00fcnschen dir alles Gute f\u00fcr deine weitere Ausbildung.<\/p>\n<h4>Weihnachtsmarkt<\/h4>\n<figure id=\"attachment_2650\" aria-describedby=\"caption-attachment-2650\" style=\"width: 460px\" class=\"wp-caption alignnone\"><img loading=\"lazy\" decoding=\"async\" width=\"460\" height=\"307\" class=\"size-full wp-image-2650\" alt=\"Weihnachtsmarkt Waldkindergarten\" src=\"http:\/\/waldkindergarten-berglen.de\/wp-content\/uploads\/2016\/11\/699-1-1.jpg\"><figcaption id=\"caption-attachment-2650\" class=\"wp-caption-text\">Weihnachtsmarkt Waldkindergarten<\/figcaption><\/figure>\n<p>Beim Weihnachtsmarkt in Birkenwei\u00dfbuch durften wir wieder mit einem sch\u00f6n dekorierten Stand dabei sein und ein buntes Sortiment an Adventsbasteleien, M\u00fctzen, Schals und Kinderspielzeug anbieten. Wir bedanken uns bei den Eltern, die dies durch ihre Mithilfe m\u00f6glich gemacht haben.<\/p>\n<p><em>Wussten Sie schon?<\/em><br \/>\n<em>Der Adventskranz geht auf Johann Heinrich Wichern zur\u00fcck. Er zog mit sehr armen Kindern in ein Bauernhaus. 1839 baute er aus einem Wagenrad einen Adventskranz mit 19 kleinen und 4 gro\u00dfen Kerzen. Jeden Tag wurde eine Kerze angez\u00fcndet. So konnten die Kinder die Tage bis Weihnachten abz\u00e4hlen.<\/em><\/p>\n","protected":false},"excerpt":{"rendered":"<p>Als letzte Woche Schnee fiel und die Wiesen und B\u00e4ume bedeckte, haben sich unsere Waldkinder sehr gefreut. Sie brachten ihre Schlitten mit und rodelten den Berg hinunter.&nbsp; Auf der Schlittenbahn haben sie Schanzen gebaut. Auch eine Schneeballschlacht durfte nicht fehlen. Mit dem Schnee konnten unsere Kinder wundervolle Schneem\u00e4nner und Schneehasen bauen, die ihnen dann entgegen&hellip; <a href=\"https:\/\/waldkindergarten-berglen.de\/?p=2202\" class=\"more-link\">Weiterlesen <span class=\"screen-reader-text\">Es schneit, es schneit, kommt alle aus dem Haus\u2026<\/span><\/a><\/p>\n","protected":false},"author":1,"featured_media":0,"comment_status":"closed","ping_status":"closed","sticky":false,"template":"","format":"standard","meta":{"ngg_post_thumbnail":0,"_jetpack_memberships_contains_paid_content":false,"footnotes":""},"categories":[3],"tags":[],"class_list":["post-2202","post","type-post","status-publish","format-standard","hentry","category-berichte"],"jetpack_featured_media_url":"","jetpack_sharing_enabled":true,"_links":{"self":[{"href":"https:\/\/waldkindergarten-berglen.de\/index.php?rest_route=\/wp\/v2\/posts\/2202","targetHints":{"allow":["GET"]}}],"collection":[{"href":"https:\/\/waldkindergarten-berglen.de\/index.php?rest_route=\/wp\/v2\/posts"}],"about":[{"href":"https:\/\/waldkindergarten-berglen.de\/index.php?rest_route=\/wp\/v2\/types\/post"}],"author":[{"embeddable":true,"href":"https:\/\/waldkindergarten-berglen.de\/index.php?rest_route=\/wp\/v2\/users\/1"}],"replies":[{"embeddable":true,"href":"https:\/\/waldkindergarten-berglen.de\/index.php?rest_route=%2Fwp%2Fv2%2Fcomments&post=2202"}],"version-history":[{"count":0,"href":"https:\/\/waldkindergarten-berglen.de\/index.php?rest_route=\/wp\/v2\/posts\/2202\/revisions"}],"wp:attachment":[{"href":"https:\/\/waldkindergarten-berglen.de\/index.php?rest_route=%2Fwp%2Fv2%2Fmedia&parent=2202"}],"wp:term":[{"taxonomy":"category","embeddable":true,"href":"https:\/\/waldkindergarten-berglen.de\/index.php?rest_route=%2Fwp%2Fv2%2Fcategories&post=2202"},{"taxonomy":"post_tag","embeddable":true,"href":"https:\/\/waldkindergarten-berglen.de\/index.php?rest_route=%2Fwp%2Fv2%2Ftags&post=2202"}],"curies":[{"name":"wp","href":"https:\/\/api.w.org\/{rel}","templated":true}]}}