{"id":2208,"date":"2013-01-21T12:00:17","date_gmt":"2013-01-21T12:00:17","guid":{"rendered":"http:\/\/waldkindergarten-berglen.de\/?p=2208"},"modified":"2013-01-21T12:00:17","modified_gmt":"2013-01-21T12:00:17","slug":"geheimnisvolle-spuren-im-schnee","status":"publish","type":"post","link":"https:\/\/waldkindergarten-berglen.de\/?p=2208","title":{"rendered":"Geheimnisvolle Spuren im Schnee"},"content":{"rendered":"<p>Ein seltsames Wesen scheint im Kottweiler Wald unterwegs zu sein.<br \/>\nDies verriet uns nun der Schnee. Er zeigte uns kleine Fu\u00dfspuren mit vier Zehen.<br \/>\nNach deren Entdeckung haben sich alle gemeinsam die Spuren genau angeschaut und versucht herauszufinden, wer diese Spuren hinterlassen hat.<\/p>\n<figure id=\"attachment_2653\" aria-describedby=\"caption-attachment-2653\" style=\"width: 460px\" class=\"wp-caption alignnone\"><img loading=\"lazy\" decoding=\"async\" width=\"460\" height=\"345\" class=\"size-full wp-image-2653\" alt=\"Wer war hier unterwegs?\" src=\"http:\/\/waldkindergarten-berglen.de\/wp-content\/uploads\/2016\/11\/703-1-1.jpg\"><figcaption id=\"caption-attachment-2653\" class=\"wp-caption-text\">Wer war hier unterwegs?<\/figcaption><\/figure>\n<p>Einige Kinder hielten es f\u00fcr m\u00f6glich, dass es ein Baby gewesen sein k\u00f6nnte, fragten sich jedoch, warum es barfu\u00df im Schnee lief.<\/p>\n<p>Um zu \u00fcberpr\u00fcfen, ob es sich bei den Spuren um einen Menschenfu\u00df handeln k\u00f6nnte, zogen die Erzieherinnen ihre Schuhe und Str\u00fcmpfe aus und liefen barfu\u00df im Schnee.<\/p>\n<p>Verbl\u00fcfft sahen die Kinder ihnen dabei zu und fast alle wollten dies dann auch testen.<\/p>\n<figure id=\"attachment_2652\" aria-describedby=\"caption-attachment-2652\" style=\"width: 345px\" class=\"wp-caption alignnone\"><img loading=\"lazy\" decoding=\"async\" width=\"345\" height=\"460\" class=\"size-full wp-image-2652\" alt=\"Das ist toll!\" src=\"http:\/\/waldkindergarten-berglen.de\/wp-content\/uploads\/2016\/11\/702-1-1.jpg\"><figcaption id=\"caption-attachment-2652\" class=\"wp-caption-text\">Das ist toll!<\/figcaption><\/figure>\n<p>Dabei stellten sie fest, dass alle ihre Spuren f\u00fcnf Zehen haben, w\u00e4hrend die anderen Spuren im Schnee ja nur vier Zehen zeigten. Es kann also kein Mensch gewesen sein.<\/p>\n<p>Doch unsere Spurenforscher werden auch dieses R\u00e4tsel l\u00f6sen.<\/p>\n<p>Nach diesem Experiment frottierten die Erzieherinnen und&nbsp; Drittkr\u00e4fte den Kindern kr\u00e4ftig ihre F\u00fc\u00dfe und zogen ihnen wieder ihre warmen Socken und Stiefel an.<\/p>\n<p>Zum Erstaunen der Kinder wurden ihre F\u00fc\u00dfe dadurch ganz hei\u00df.Eine tolle und faszinierende Selbsterfahrung.<\/p>\n<p>Vielen Dank daf\u00fcr!<\/p>\n<p><em>Wussten Sie schon?<\/em><br \/>\n<em>Dass der Fuchs mit seinem selbst Hunde \u00fcberragenden Geh\u00f6r das am weitesten verbreitete Raubtier der Welt ist?<\/em><\/p>\n","protected":false},"excerpt":{"rendered":"<p>Ein seltsames Wesen scheint im Kottweiler Wald unterwegs zu sein. Dies verriet uns nun der Schnee. Er zeigte uns kleine Fu\u00dfspuren mit vier Zehen. Nach deren Entdeckung haben sich alle gemeinsam die Spuren genau angeschaut und versucht herauszufinden, wer diese Spuren hinterlassen hat. Einige Kinder hielten es f\u00fcr m\u00f6glich, dass es ein Baby gewesen sein&hellip; <a href=\"https:\/\/waldkindergarten-berglen.de\/?p=2208\" class=\"more-link\">Weiterlesen <span class=\"screen-reader-text\">Geheimnisvolle Spuren im Schnee<\/span><\/a><\/p>\n","protected":false},"author":1,"featured_media":0,"comment_status":"closed","ping_status":"closed","sticky":false,"template":"","format":"standard","meta":{"ngg_post_thumbnail":0,"_jetpack_memberships_contains_paid_content":false,"footnotes":""},"categories":[3],"tags":[],"class_list":["post-2208","post","type-post","status-publish","format-standard","hentry","category-berichte"],"jetpack_featured_media_url":"","jetpack_sharing_enabled":true,"_links":{"self":[{"href":"https:\/\/waldkindergarten-berglen.de\/index.php?rest_route=\/wp\/v2\/posts\/2208","targetHints":{"allow":["GET"]}}],"collection":[{"href":"https:\/\/waldkindergarten-berglen.de\/index.php?rest_route=\/wp\/v2\/posts"}],"about":[{"href":"https:\/\/waldkindergarten-berglen.de\/index.php?rest_route=\/wp\/v2\/types\/post"}],"author":[{"embeddable":true,"href":"https:\/\/waldkindergarten-berglen.de\/index.php?rest_route=\/wp\/v2\/users\/1"}],"replies":[{"embeddable":true,"href":"https:\/\/waldkindergarten-berglen.de\/index.php?rest_route=%2Fwp%2Fv2%2Fcomments&post=2208"}],"version-history":[{"count":0,"href":"https:\/\/waldkindergarten-berglen.de\/index.php?rest_route=\/wp\/v2\/posts\/2208\/revisions"}],"wp:attachment":[{"href":"https:\/\/waldkindergarten-berglen.de\/index.php?rest_route=%2Fwp%2Fv2%2Fmedia&parent=2208"}],"wp:term":[{"taxonomy":"category","embeddable":true,"href":"https:\/\/waldkindergarten-berglen.de\/index.php?rest_route=%2Fwp%2Fv2%2Fcategories&post=2208"},{"taxonomy":"post_tag","embeddable":true,"href":"https:\/\/waldkindergarten-berglen.de\/index.php?rest_route=%2Fwp%2Fv2%2Ftags&post=2208"}],"curies":[{"name":"wp","href":"https:\/\/api.w.org\/{rel}","templated":true}]}}