{"id":2226,"date":"2012-09-17T11:00:57","date_gmt":"2012-09-17T09:00:57","guid":{"rendered":"http:\/\/waldkindergarten-berglen.de\/?p=2226"},"modified":"2012-09-17T11:00:57","modified_gmt":"2012-09-17T09:00:57","slug":"die-waldspielgruppe-startet-in-die-herbstsaison-3","status":"publish","type":"post","link":"https:\/\/waldkindergarten-berglen.de\/?p=2226","title":{"rendered":"Die Waldspielgruppe startet in die Herbstsaison"},"content":{"rendered":"<p>Unser erstes Treffen, am 12.09.12, fand am Tag des Temperatursturzes statt. Wir waren 12 Grad wirklich nicht mehr gewohnt und trotz angemessener Kleidung fr\u00f6stelten wir immer wieder. In der Begr\u00fc\u00dfungsrunde stellten wir fest, dass die Gruppe dieses mal bubenlastig ist und von den 7 Jungennamen auch noch f\u00fcnf mit \u00abJ\u00bb beginnen. Eine Herausforderung f\u00fcr unser Namenslied, in dem jedes Kind und jede Mama namentlich erw\u00e4hnt wird. Das blieb aber auch die einzige Herausforderung. Denn wir lernten uns schnell kennen, sammelten im Wald Rinde, \u00c4stchen, Zapfen ect, um sp\u00e4ter daraus wundersch\u00f6ne phantasievolle Rindenschiffe zu fertigen. Die Kinder lernten den Kletterberg kennen und waren gut zu Fu\u00df unterwegs. Das gemeinsame Vespern auf der Wiese, das Schneiden und Bohren und zuguterletzt das Matschen auf dem Matschplatz machten ihnen Spa\u00df .<br \/>\nEin gelungener und Gott sei Dank nicht verregneter Einstieg!<\/p>\n","protected":false},"excerpt":{"rendered":"<p>Unser erstes Treffen, am 12.09.12, fand am Tag des Temperatursturzes statt. Wir waren 12 Grad wirklich nicht mehr gewohnt und trotz angemessener Kleidung fr\u00f6stelten wir immer wieder. In der Begr\u00fc\u00dfungsrunde stellten wir fest, dass die Gruppe dieses mal bubenlastig ist und von den 7 Jungennamen auch noch f\u00fcnf mit \u00abJ\u00bb beginnen. Eine Herausforderung f\u00fcr unser&hellip; <a href=\"https:\/\/waldkindergarten-berglen.de\/?p=2226\" class=\"more-link\">Weiterlesen <span class=\"screen-reader-text\">Die Waldspielgruppe startet in die Herbstsaison<\/span><\/a><\/p>\n","protected":false},"author":1,"featured_media":0,"comment_status":"closed","ping_status":"closed","sticky":false,"template":"","format":"standard","meta":{"ngg_post_thumbnail":0,"_jetpack_memberships_contains_paid_content":false,"footnotes":""},"categories":[11],"tags":[],"class_list":["post-2226","post","type-post","status-publish","format-standard","hentry","category-waldspielgruppenberichte-bis-2017"],"jetpack_featured_media_url":"","jetpack_sharing_enabled":true,"_links":{"self":[{"href":"https:\/\/waldkindergarten-berglen.de\/index.php?rest_route=\/wp\/v2\/posts\/2226","targetHints":{"allow":["GET"]}}],"collection":[{"href":"https:\/\/waldkindergarten-berglen.de\/index.php?rest_route=\/wp\/v2\/posts"}],"about":[{"href":"https:\/\/waldkindergarten-berglen.de\/index.php?rest_route=\/wp\/v2\/types\/post"}],"author":[{"embeddable":true,"href":"https:\/\/waldkindergarten-berglen.de\/index.php?rest_route=\/wp\/v2\/users\/1"}],"replies":[{"embeddable":true,"href":"https:\/\/waldkindergarten-berglen.de\/index.php?rest_route=%2Fwp%2Fv2%2Fcomments&post=2226"}],"version-history":[{"count":0,"href":"https:\/\/waldkindergarten-berglen.de\/index.php?rest_route=\/wp\/v2\/posts\/2226\/revisions"}],"wp:attachment":[{"href":"https:\/\/waldkindergarten-berglen.de\/index.php?rest_route=%2Fwp%2Fv2%2Fmedia&parent=2226"}],"wp:term":[{"taxonomy":"category","embeddable":true,"href":"https:\/\/waldkindergarten-berglen.de\/index.php?rest_route=%2Fwp%2Fv2%2Fcategories&post=2226"},{"taxonomy":"post_tag","embeddable":true,"href":"https:\/\/waldkindergarten-berglen.de\/index.php?rest_route=%2Fwp%2Fv2%2Ftags&post=2226"}],"curies":[{"name":"wp","href":"https:\/\/api.w.org\/{rel}","templated":true}]}}