{"id":2228,"date":"2012-09-24T12:00:42","date_gmt":"2012-09-24T12:00:42","guid":{"rendered":"http:\/\/waldkindergarten-berglen.de\/?p=2228"},"modified":"2012-09-24T12:00:42","modified_gmt":"2012-09-24T12:00:42","slug":"unsere-schaetze-in-der-natur","status":"publish","type":"post","link":"https:\/\/waldkindergarten-berglen.de\/?p=2228","title":{"rendered":"Unsere Sch\u00e4tze in der Natur"},"content":{"rendered":"<p>An sch\u00f6nen sonnigen Tagen im Herbst konnten wir mit unseren Waldkindern die Sch\u00e4tze, die die Natur uns bietet, entdecken. Auf und um&nbsp; Kastanien- und Apfelb\u00e4umen haben wir die reifen Fr\u00fcchte gesehen.<br \/>\nUnsere Kinder haben flei\u00dfig Kastanien gesammelt. Mit Handbohrern haben unsere Kinder L\u00f6cher in die Kastanien gebohrt und eifrig Halsketten und Girlanden gebastelt. Aus der Kastanienschale und Ton entstanden Igel.<\/p>\n<figure id=\"attachment_2630\" aria-describedby=\"caption-attachment-2630\" style=\"width: 460px\" class=\"wp-caption alignnone\"><img loading=\"lazy\" decoding=\"async\" width=\"460\" height=\"345\" class=\"size-full wp-image-2630\" alt=\"Basteln mit Kastanien\" src=\"http:\/\/waldkindergarten-berglen.de\/wp-content\/uploads\/2016\/11\/673-1-1.jpg\"><figcaption id=\"caption-attachment-2630\" class=\"wp-caption-text\">Basteln mit Kastanien<\/figcaption><\/figure>\n<p>Aber nicht nur Schmuck auch leckeres Essen haben wir hergestellt.&nbsp; Bei Familie Dai\u00df durften wir Kartoffeln ausgraben. Die Kinder haben sie im Lehmofen gebacken. Hm! Lecker!&nbsp; Ein herzliches&nbsp; Danke an Familie Dai\u00df.<\/p>\n<p><strong>Geburtstage im Wald<\/strong><\/p>\n<p>In den letzten beiden Wochen durften einige Kinder Geburtstag feiern. Sch\u00f6n geschm\u00fcckt mit Sommerblumen sehen unsere Kinder aus. Das gef\u00e4llt auch unserem Hutzelmann, der die Kinder an ihrem Geburtstag&nbsp; immer besucht.<\/p>\n<figure id=\"attachment_2631\" aria-describedby=\"caption-attachment-2631\" style=\"width: 460px\" class=\"wp-caption alignnone\"><img loading=\"lazy\" decoding=\"async\" width=\"460\" height=\"345\" class=\"size-full wp-image-2631\" alt=\"Geburtstag\" src=\"http:\/\/waldkindergarten-berglen.de\/wp-content\/uploads\/2016\/11\/674-1-1.jpg\"><figcaption id=\"caption-attachment-2631\" class=\"wp-caption-text\">Geburtstag<\/figcaption><\/figure>\n<p>Als neue Waldkinder begr\u00fc\u00dfen wir&nbsp; Elisa, Liam, Simon, Marlena, Paul, Mara, Tom, Lilli und Maren und w\u00fcnschen Euch eine sch\u00f6ne Waldkindergartenzeit.<\/p>\n<p><em>Wussten Sie schon?<\/em><br \/>\n<em>Fr\u00fcher haben die armen Leute ihren Kindern im Winter warme Kartoffeln in die Schule&nbsp; mitgegeben, damit auf dem Weg ihre H\u00e4nde warm geblieben sind.<\/em><\/p>\n","protected":false},"excerpt":{"rendered":"<p>An sch\u00f6nen sonnigen Tagen im Herbst konnten wir mit unseren Waldkindern die Sch\u00e4tze, die die Natur uns bietet, entdecken. Auf und um&nbsp; Kastanien- und Apfelb\u00e4umen haben wir die reifen Fr\u00fcchte gesehen. Unsere Kinder haben flei\u00dfig Kastanien gesammelt. Mit Handbohrern haben unsere Kinder L\u00f6cher in die Kastanien gebohrt und eifrig Halsketten und Girlanden gebastelt. Aus der&hellip; <a href=\"https:\/\/waldkindergarten-berglen.de\/?p=2228\" class=\"more-link\">Weiterlesen <span class=\"screen-reader-text\">Unsere Sch\u00e4tze in der Natur<\/span><\/a><\/p>\n","protected":false},"author":1,"featured_media":0,"comment_status":"closed","ping_status":"closed","sticky":false,"template":"","format":"standard","meta":{"ngg_post_thumbnail":0,"_jetpack_memberships_contains_paid_content":false,"footnotes":""},"categories":[3],"tags":[],"class_list":["post-2228","post","type-post","status-publish","format-standard","hentry","category-berichte"],"jetpack_featured_media_url":"","jetpack_sharing_enabled":true,"_links":{"self":[{"href":"https:\/\/waldkindergarten-berglen.de\/index.php?rest_route=\/wp\/v2\/posts\/2228","targetHints":{"allow":["GET"]}}],"collection":[{"href":"https:\/\/waldkindergarten-berglen.de\/index.php?rest_route=\/wp\/v2\/posts"}],"about":[{"href":"https:\/\/waldkindergarten-berglen.de\/index.php?rest_route=\/wp\/v2\/types\/post"}],"author":[{"embeddable":true,"href":"https:\/\/waldkindergarten-berglen.de\/index.php?rest_route=\/wp\/v2\/users\/1"}],"replies":[{"embeddable":true,"href":"https:\/\/waldkindergarten-berglen.de\/index.php?rest_route=%2Fwp%2Fv2%2Fcomments&post=2228"}],"version-history":[{"count":0,"href":"https:\/\/waldkindergarten-berglen.de\/index.php?rest_route=\/wp\/v2\/posts\/2228\/revisions"}],"wp:attachment":[{"href":"https:\/\/waldkindergarten-berglen.de\/index.php?rest_route=%2Fwp%2Fv2%2Fmedia&parent=2228"}],"wp:term":[{"taxonomy":"category","embeddable":true,"href":"https:\/\/waldkindergarten-berglen.de\/index.php?rest_route=%2Fwp%2Fv2%2Fcategories&post=2228"},{"taxonomy":"post_tag","embeddable":true,"href":"https:\/\/waldkindergarten-berglen.de\/index.php?rest_route=%2Fwp%2Fv2%2Ftags&post=2228"}],"curies":[{"name":"wp","href":"https:\/\/api.w.org\/{rel}","templated":true}]}}