{"id":223,"date":"2016-05-09T07:00:23","date_gmt":"2016-05-09T05:00:23","guid":{"rendered":"http:\/\/waldkindergarten-berglen.de\/?p=223"},"modified":"2016-05-09T07:00:23","modified_gmt":"2016-05-09T05:00:23","slug":"die-waldspielgruppe-startet-in-die-fruehjahrsaison","status":"publish","type":"post","link":"https:\/\/waldkindergarten-berglen.de\/?p=223","title":{"rendered":"Die Waldspielgruppe startet in die Fr\u00fchjahrsaison"},"content":{"rendered":"<p>\u00abHeiter bis wolkig mit Winterjackentemperatur\u00bb starteten wir am 4. Mai 2016 in die neue Saison.<\/p>\n<h4>Wo ist die Blume?<\/h4>\n<p>Zuerst ging es mit einer Begr\u00fc\u00dfungsrunde und Liedern darum, sich namentlich kennenzulernen. Dann kamen wir zum Thema \u00abBlumenwiese\u00bb. Zwei Lieder und kleine Blumenstr\u00e4u\u00dfchen f\u00fchrten ins Thema ein. Die 2-J\u00e4hrigen sollten mit ihren Mamas in der Wiese die Blumen vom Str\u00e4u\u00dfchen noch mal finden. Das war sehr idyllisch und klappte gut.<\/p>\n<p>Finden macht hungrig und so vesperten wir. Gest\u00e4rkt wurde dann im Wald geklettert und gerutscht was das Zeug h\u00e4lt.<\/p>\n<h4>Den Berg hinauf!<\/h4>\n<p>Die neuen Kinder fanden sich schnell zurecht und waren sehr motiviert. Dreckig, m\u00fcde und gl\u00fccklich beendeten wir diesen ersten Vormittag.<\/p>\n","protected":false},"excerpt":{"rendered":"<p>\u00abHeiter bis wolkig mit Winterjackentemperatur\u00bb starteten wir am 4. Mai 2016 in die neue Saison. Wo ist die Blume? Zuerst ging es mit einer Begr\u00fc\u00dfungsrunde und Liedern darum, sich namentlich kennenzulernen. Dann kamen wir zum Thema \u00abBlumenwiese\u00bb. Zwei Lieder und kleine Blumenstr\u00e4u\u00dfchen f\u00fchrten ins Thema ein. Die 2-J\u00e4hrigen sollten mit ihren Mamas in der Wiese&hellip; <a href=\"https:\/\/waldkindergarten-berglen.de\/?p=223\" class=\"more-link\">Weiterlesen <span class=\"screen-reader-text\">Die Waldspielgruppe startet in die Fr\u00fchjahrsaison<\/span><\/a><\/p>\n","protected":false},"author":1,"featured_media":0,"comment_status":"closed","ping_status":"closed","sticky":false,"template":"","format":"standard","meta":{"ngg_post_thumbnail":0,"_jetpack_memberships_contains_paid_content":false,"footnotes":""},"categories":[11],"tags":[],"class_list":["post-223","post","type-post","status-publish","format-standard","hentry","category-waldspielgruppenberichte-bis-2017"],"jetpack_featured_media_url":"","jetpack_sharing_enabled":true,"_links":{"self":[{"href":"https:\/\/waldkindergarten-berglen.de\/index.php?rest_route=\/wp\/v2\/posts\/223","targetHints":{"allow":["GET"]}}],"collection":[{"href":"https:\/\/waldkindergarten-berglen.de\/index.php?rest_route=\/wp\/v2\/posts"}],"about":[{"href":"https:\/\/waldkindergarten-berglen.de\/index.php?rest_route=\/wp\/v2\/types\/post"}],"author":[{"embeddable":true,"href":"https:\/\/waldkindergarten-berglen.de\/index.php?rest_route=\/wp\/v2\/users\/1"}],"replies":[{"embeddable":true,"href":"https:\/\/waldkindergarten-berglen.de\/index.php?rest_route=%2Fwp%2Fv2%2Fcomments&post=223"}],"version-history":[{"count":0,"href":"https:\/\/waldkindergarten-berglen.de\/index.php?rest_route=\/wp\/v2\/posts\/223\/revisions"}],"wp:attachment":[{"href":"https:\/\/waldkindergarten-berglen.de\/index.php?rest_route=%2Fwp%2Fv2%2Fmedia&parent=223"}],"wp:term":[{"taxonomy":"category","embeddable":true,"href":"https:\/\/waldkindergarten-berglen.de\/index.php?rest_route=%2Fwp%2Fv2%2Fcategories&post=223"},{"taxonomy":"post_tag","embeddable":true,"href":"https:\/\/waldkindergarten-berglen.de\/index.php?rest_route=%2Fwp%2Fv2%2Ftags&post=223"}],"curies":[{"name":"wp","href":"https:\/\/api.w.org\/{rel}","templated":true}]}}