{"id":2230,"date":"2012-09-24T11:00:06","date_gmt":"2012-09-24T09:00:06","guid":{"rendered":"http:\/\/waldkindergarten-berglen.de\/?p=2230"},"modified":"2012-09-24T11:00:06","modified_gmt":"2012-09-24T09:00:06","slug":"neues-aus-der-waldspielgruppe-47","status":"publish","type":"post","link":"https:\/\/waldkindergarten-berglen.de\/?p=2230","title":{"rendered":"Neues aus der Waldspielgruppe"},"content":{"rendered":"<p>Wie schon der letzte Mittwochmorgen zeigte sich auch der 19.09.12 nach vielen Sonnentagen \u00fcber Nacht frisch und kalt geduscht. Ja, es f\u00fchlte sich schon richtig herbstlich an, als wir zu unserem Thema\u00a0 &gt;Apfel&lt; einige Lieder sangen. Ein auf besondere Weise zerschnittener Apfel diente als Apfelpuzzle, das die 2 &#8211; 3- J\u00e4hrigen zusammensetzten. Anschlie\u00dfend machten wir uns auf den Weg, um \u00c4pfel und Baumaterial f\u00fcr Apfelm\u00e4nnchen zu suchen. Im Wald kletterten die Kinder an den Kletterbergen, suchten Bl\u00fcten, Bl\u00e4tter und \u00c4stchen und waren nach der vielen Bewegung dann auch richtig hungrig. Im regengesch\u00fctzten Wald vesperten wir, und dann wurde mit der\u00a0 &gt;R\u00e4bsch\u00e4r&lt; geschnitten, gebohrt und dekoriert, dass es eine Freude war. Das Ergebnis waren sehr phantasievolle Apfelm\u00e4nnchen, die den Kleinen ans Herz wuchsen und auch den M\u00fcttern Freude machten.<\/p>\n<figure id=\"attachment_2632\" aria-describedby=\"caption-attachment-2632\" style=\"width: 460px\" class=\"wp-caption alignnone\"><img loading=\"lazy\" decoding=\"async\" class=\"size-full wp-image-2632\" src=\"http:\/\/waldkindergarten-berglen.de\/wp-content\/uploads\/2016\/11\/675-1-1.jpg\" alt=\"Mein kleines Apfelm\u00e4nnchen!\" width=\"460\" height=\"345\" \/><figcaption id=\"caption-attachment-2632\" class=\"wp-caption-text\">Mein kleines Apfelm\u00e4nnchen!<\/figcaption><\/figure>\n<p>Nach kurzem Freispiel im Wald war dieser k\u00fchle, aber sch\u00f6ne Vormittag auch schon wieder zu Ende.<\/p>\n","protected":false},"excerpt":{"rendered":"<p>Wie schon der letzte Mittwochmorgen zeigte sich auch der 19.09.12 nach vielen Sonnentagen \u00fcber Nacht frisch und kalt geduscht. Ja, es f\u00fchlte sich schon richtig herbstlich an, als wir zu unserem Thema\u00a0 &gt;Apfel&lt; einige Lieder sangen. Ein auf besondere Weise zerschnittener Apfel diente als Apfelpuzzle, das die 2 &#8211; 3- J\u00e4hrigen zusammensetzten. Anschlie\u00dfend machten wir&hellip; <a href=\"https:\/\/waldkindergarten-berglen.de\/?p=2230\" class=\"more-link\">Weiterlesen <span class=\"screen-reader-text\">Neues aus der Waldspielgruppe<\/span><\/a><\/p>\n","protected":false},"author":1,"featured_media":0,"comment_status":"closed","ping_status":"closed","sticky":false,"template":"","format":"standard","meta":{"ngg_post_thumbnail":0,"_jetpack_memberships_contains_paid_content":false,"footnotes":""},"categories":[11],"tags":[],"class_list":["post-2230","post","type-post","status-publish","format-standard","hentry","category-waldspielgruppenberichte-bis-2017"],"jetpack_featured_media_url":"","jetpack_sharing_enabled":true,"_links":{"self":[{"href":"https:\/\/waldkindergarten-berglen.de\/index.php?rest_route=\/wp\/v2\/posts\/2230","targetHints":{"allow":["GET"]}}],"collection":[{"href":"https:\/\/waldkindergarten-berglen.de\/index.php?rest_route=\/wp\/v2\/posts"}],"about":[{"href":"https:\/\/waldkindergarten-berglen.de\/index.php?rest_route=\/wp\/v2\/types\/post"}],"author":[{"embeddable":true,"href":"https:\/\/waldkindergarten-berglen.de\/index.php?rest_route=\/wp\/v2\/users\/1"}],"replies":[{"embeddable":true,"href":"https:\/\/waldkindergarten-berglen.de\/index.php?rest_route=%2Fwp%2Fv2%2Fcomments&post=2230"}],"version-history":[{"count":0,"href":"https:\/\/waldkindergarten-berglen.de\/index.php?rest_route=\/wp\/v2\/posts\/2230\/revisions"}],"wp:attachment":[{"href":"https:\/\/waldkindergarten-berglen.de\/index.php?rest_route=%2Fwp%2Fv2%2Fmedia&parent=2230"}],"wp:term":[{"taxonomy":"category","embeddable":true,"href":"https:\/\/waldkindergarten-berglen.de\/index.php?rest_route=%2Fwp%2Fv2%2Fcategories&post=2230"},{"taxonomy":"post_tag","embeddable":true,"href":"https:\/\/waldkindergarten-berglen.de\/index.php?rest_route=%2Fwp%2Fv2%2Ftags&post=2230"}],"curies":[{"name":"wp","href":"https:\/\/api.w.org\/{rel}","templated":true}]}}