{"id":2236,"date":"2012-11-26T12:00:12","date_gmt":"2012-11-26T12:00:12","guid":{"rendered":"http:\/\/waldkindergarten-berglen.de\/?p=2236"},"modified":"2012-11-26T12:00:12","modified_gmt":"2012-11-26T12:00:12","slug":"der-wald-schenkt-geborgenheit-und-ruhe","status":"publish","type":"post","link":"https:\/\/waldkindergarten-berglen.de\/?p=2236","title":{"rendered":"Der Wald schenkt Geborgenheit und Ruhe"},"content":{"rendered":"<p>Jetzt wo&nbsp; die Temperaturen langsam winterlich werden, machen sich die Erzieherinnen mit den Waldkindern Gedanken darum, was nun wohl die Waldtiere machen und wie sie den Winter verbringen.<\/p>\n<p>Dabei ist es gar nicht so einfach sich vorstellen zu k\u00f6nnen, wie sich z.B. die Igel im Winter in einem Laubhaufen wohlf\u00fchlen k\u00f6nnen.<\/p>\n<p>Deshalb durften sich die Waldkinder einmal in die Lage eines Igels versetzen.<\/p>\n<p>Dazu machte sich jedes Kind, leise wie die Tiere, einen gro\u00dfen Laubhaufen, setzte sich hinein und bedeckte sich mithilfe der Erzieherinnen bis zum Kinn mit Laub.<\/p>\n<p>So sollten sie dann m\u00f6glichst lange lautlos verharren.<\/p>\n<p>Unglaublich, aber alle Kinder hielten dies 15 Minuten lang durch.<\/p>\n<p>Dabei machten alle unterschiedliche Erfahrungen: W\u00e4hrend dem einen in Seelenruhe ein K\u00e4fer \u00fcber den Kopf krabbelte, konnte ein anderes Kind ein Eichh\u00f6rnchen beobachten und wieder ein anderes nahm das Zwitschern eines Vogels besonders intensiv wahr.<\/p>\n<p>Doch als sie in der anschlie\u00dfenden Reflexionsrunde gefragt wurden, wie sie es empfunden h\u00e4tten, antworteten alle wie aus der Pistole geschossen:\u00abVoll sch\u00f6n!\u00bb<\/p>\n<p>Besonders sch\u00f6n, fanden die Erzieherinnen auch die Erkenntnis, dass selbst die Kinder, die sonst nicht gerne innehalten, die Stille genossen und alle zusammen soviel innere Ruhe aus diesem kleinen Experiment zogen, dass&nbsp; den ganzen Vormittag \u00fcber eine besondere Ausgeglichenheit unter den Kindern herrschte.<\/p>\n<p><em>Wussten Sie schon?<\/em><br \/>\n<em>Dass Rehe in der Wintermitte, wenn das Futter knapp wird,&nbsp; in eine K\u00e4ltestarre fallen, bei der ihre K\u00f6rpertemperatur bis auf 15\u00b0C absinkt?<\/em><\/p>\n","protected":false},"excerpt":{"rendered":"<p>Jetzt wo&nbsp; die Temperaturen langsam winterlich werden, machen sich die Erzieherinnen mit den Waldkindern Gedanken darum, was nun wohl die Waldtiere machen und wie sie den Winter verbringen. Dabei ist es gar nicht so einfach sich vorstellen zu k\u00f6nnen, wie sich z.B. die Igel im Winter in einem Laubhaufen wohlf\u00fchlen k\u00f6nnen. Deshalb durften sich die&hellip; <a href=\"https:\/\/waldkindergarten-berglen.de\/?p=2236\" class=\"more-link\">Weiterlesen <span class=\"screen-reader-text\">Der Wald schenkt Geborgenheit und Ruhe<\/span><\/a><\/p>\n","protected":false},"author":1,"featured_media":0,"comment_status":"closed","ping_status":"closed","sticky":false,"template":"","format":"standard","meta":{"ngg_post_thumbnail":0,"_jetpack_memberships_contains_paid_content":false,"footnotes":""},"categories":[3],"tags":[],"class_list":["post-2236","post","type-post","status-publish","format-standard","hentry","category-berichte"],"jetpack_featured_media_url":"","jetpack_sharing_enabled":true,"_links":{"self":[{"href":"https:\/\/waldkindergarten-berglen.de\/index.php?rest_route=\/wp\/v2\/posts\/2236","targetHints":{"allow":["GET"]}}],"collection":[{"href":"https:\/\/waldkindergarten-berglen.de\/index.php?rest_route=\/wp\/v2\/posts"}],"about":[{"href":"https:\/\/waldkindergarten-berglen.de\/index.php?rest_route=\/wp\/v2\/types\/post"}],"author":[{"embeddable":true,"href":"https:\/\/waldkindergarten-berglen.de\/index.php?rest_route=\/wp\/v2\/users\/1"}],"replies":[{"embeddable":true,"href":"https:\/\/waldkindergarten-berglen.de\/index.php?rest_route=%2Fwp%2Fv2%2Fcomments&post=2236"}],"version-history":[{"count":0,"href":"https:\/\/waldkindergarten-berglen.de\/index.php?rest_route=\/wp\/v2\/posts\/2236\/revisions"}],"wp:attachment":[{"href":"https:\/\/waldkindergarten-berglen.de\/index.php?rest_route=%2Fwp%2Fv2%2Fmedia&parent=2236"}],"wp:term":[{"taxonomy":"category","embeddable":true,"href":"https:\/\/waldkindergarten-berglen.de\/index.php?rest_route=%2Fwp%2Fv2%2Fcategories&post=2236"},{"taxonomy":"post_tag","embeddable":true,"href":"https:\/\/waldkindergarten-berglen.de\/index.php?rest_route=%2Fwp%2Fv2%2Ftags&post=2236"}],"curies":[{"name":"wp","href":"https:\/\/api.w.org\/{rel}","templated":true}]}}