{"id":2238,"date":"2012-11-19T12:00:58","date_gmt":"2012-11-19T12:00:58","guid":{"rendered":"http:\/\/waldkindergarten-berglen.de\/?p=2238"},"modified":"2012-11-19T12:00:58","modified_gmt":"2012-11-19T12:00:58","slug":"eine-lange-blaetterschlange","status":"publish","type":"post","link":"https:\/\/waldkindergarten-berglen.de\/?p=2238","title":{"rendered":"Eine lange Bl\u00e4tterschlange"},"content":{"rendered":"<p>Wie bunt unser Wald gerade ist. Noch h\u00e4ngen viele bunte Bl\u00e4tter an den B\u00e4umen. Immer wieder schweben, segeln, gleiten und tanzen weitere rote, gelbe und braune Bl\u00e4tter herab und gesellen sich zu denen, die schon auf den Wiesen, auf dem Waldboden und auf den Wegen liegen.<\/p>\n<p>Wir machen es den Bl\u00e4ttern nach und tanzen einen Bl\u00e4ttertanz.<br \/>\n&nbsp;<br \/>\nDie Bl\u00e4tter laden uns ein, sie genauer zu betrachten und zu bef\u00fchlen. Manche sind dicker, andere d\u00fcnner, mache sind spitz, andere rund.&nbsp; Wir unterscheiden Eichenbl\u00e4tter mit ihren \u00abWellenlinien\u00bb von Birkenbl\u00e4ttern mit ihren \u00abZacken\u00bb. Unsere F\u00fcchse haben die Blattlinien nachgefahren.<\/p>\n<p>Auch Spielen und Basteln k\u00f6nnen wir mit den Bl\u00e4ttern. Die Waldkinder legen zusammen eine riesige Bl\u00e4tterschlange, die wir am Rande des Kottweiler Waldes bewundern k\u00f6nnen.<\/p>\n<figure id=\"attachment_2646\" aria-describedby=\"caption-attachment-2646\" style=\"width: 345px\" class=\"wp-caption alignnone\"><img loading=\"lazy\" decoding=\"async\" width=\"345\" height=\"460\" class=\"size-full wp-image-2646\" alt=\"Unsere Bl\u00e4tterschlange\" src=\"http:\/\/waldkindergarten-berglen.de\/wp-content\/uploads\/2016\/11\/695-1-1.jpg\"><figcaption id=\"caption-attachment-2646\" class=\"wp-caption-text\">Unsere Bl\u00e4tterschlange<\/figcaption><\/figure>\n<p><em>Wussten Sie schon?<\/em><br \/>\n<em>Die Bl\u00e4tter an den Laubb\u00e4umen werden im Herbst rot und gelb, weil der gr\u00fcne Blattfarbstoff Chlorophyll in die Wurzeln geleitet und gespeichert wird. Er dient im Fr\u00fchling als Energiequelle um neue Knospen zu treiben. Jetzt wird der gelbe Farbstoff Karotin und der rote Farbstoff Anthocyan nicht mehr \u00fcberdeckt und l\u00e4sst die Bl\u00e4tter bunt leuchten.<\/em><\/p>\n","protected":false},"excerpt":{"rendered":"<p>Wie bunt unser Wald gerade ist. Noch h\u00e4ngen viele bunte Bl\u00e4tter an den B\u00e4umen. Immer wieder schweben, segeln, gleiten und tanzen weitere rote, gelbe und braune Bl\u00e4tter herab und gesellen sich zu denen, die schon auf den Wiesen, auf dem Waldboden und auf den Wegen liegen. Wir machen es den Bl\u00e4ttern nach und tanzen einen&hellip; <a href=\"https:\/\/waldkindergarten-berglen.de\/?p=2238\" class=\"more-link\">Weiterlesen <span class=\"screen-reader-text\">Eine lange Bl\u00e4tterschlange<\/span><\/a><\/p>\n","protected":false},"author":1,"featured_media":0,"comment_status":"closed","ping_status":"closed","sticky":false,"template":"","format":"standard","meta":{"ngg_post_thumbnail":0,"_jetpack_memberships_contains_paid_content":false,"footnotes":""},"categories":[3],"tags":[],"class_list":["post-2238","post","type-post","status-publish","format-standard","hentry","category-berichte"],"jetpack_featured_media_url":"","jetpack_sharing_enabled":true,"_links":{"self":[{"href":"https:\/\/waldkindergarten-berglen.de\/index.php?rest_route=\/wp\/v2\/posts\/2238","targetHints":{"allow":["GET"]}}],"collection":[{"href":"https:\/\/waldkindergarten-berglen.de\/index.php?rest_route=\/wp\/v2\/posts"}],"about":[{"href":"https:\/\/waldkindergarten-berglen.de\/index.php?rest_route=\/wp\/v2\/types\/post"}],"author":[{"embeddable":true,"href":"https:\/\/waldkindergarten-berglen.de\/index.php?rest_route=\/wp\/v2\/users\/1"}],"replies":[{"embeddable":true,"href":"https:\/\/waldkindergarten-berglen.de\/index.php?rest_route=%2Fwp%2Fv2%2Fcomments&post=2238"}],"version-history":[{"count":0,"href":"https:\/\/waldkindergarten-berglen.de\/index.php?rest_route=\/wp\/v2\/posts\/2238\/revisions"}],"wp:attachment":[{"href":"https:\/\/waldkindergarten-berglen.de\/index.php?rest_route=%2Fwp%2Fv2%2Fmedia&parent=2238"}],"wp:term":[{"taxonomy":"category","embeddable":true,"href":"https:\/\/waldkindergarten-berglen.de\/index.php?rest_route=%2Fwp%2Fv2%2Fcategories&post=2238"},{"taxonomy":"post_tag","embeddable":true,"href":"https:\/\/waldkindergarten-berglen.de\/index.php?rest_route=%2Fwp%2Fv2%2Ftags&post=2238"}],"curies":[{"name":"wp","href":"https:\/\/api.w.org\/{rel}","templated":true}]}}