{"id":2240,"date":"2012-11-12T12:00:34","date_gmt":"2012-11-12T12:00:34","guid":{"rendered":"http:\/\/waldkindergarten-berglen.de\/?p=2240"},"modified":"2012-11-12T12:00:34","modified_gmt":"2012-11-12T12:00:34","slug":"farben-fuer-den-winter","status":"publish","type":"post","link":"https:\/\/waldkindergarten-berglen.de\/?p=2240","title":{"rendered":"Farben f\u00fcr den Winter"},"content":{"rendered":"<p>Nun im Herbst zeigt uns die Natur noch einmal ihre ganz besondere Farbvielfalt. Um diese unseren Waldkindern auch ganz bewusst zu machen, legten sie im Morgenkreis einen bunten Kreis aus M\u00e4rchenwolle und machten es sich zur Aufgabe, jede dieser Farben im Wald zu wiederzufinden.<\/p>\n<p>So unm\u00f6glich dies bei manchen Farben schien, so verbl\u00fcffend leicht, war es dann doch sie zu finden. Dabei schulten die Waldkinder ganz nebenbei ihre Augen f\u00fcr die Farben mit ihren vielen Nuancen und wurden sich unserer wundersch\u00f6nen Natur einmal mehr bewusst.<\/p>\n<p><strong>Gallapfel &#8211; Frucht oder Cocon?<\/strong><\/p>\n<p>Das Weibchen der Eichengallwespe legt im Herbst ein Ei in den Vegetationskegel der Eichenknospe, wo es \u00fcberwintert.<\/p>\n<p>Im Fr\u00fchling bilden sich daraus dann Knospengallen aus denen im Juni sowohl M\u00e4nnchen wie auch Weibchen der Eichengallwespe schl\u00fcpfen.<\/p>\n<p>Wurden die Weibchen befruchtet, legen sie mit ihrem Legestachel Eier in die Blattader des Eichenblattes.<\/p>\n<p>Durch eine Abwehrreaktion der Eiche entsteht um die Legestelle eine krankhafte Wucherung, die aufgrund ihres Aussehens Gallapfel genannt wird.<\/p>\n<p>Aus der Larve darin wird immer ein Gallwespenweibchen, welches im Herbst schl\u00fcpft.<\/p>\n<figure id=\"attachment_2645\" aria-describedby=\"caption-attachment-2645\" style=\"width: 460px\" class=\"wp-caption alignnone\"><img loading=\"lazy\" decoding=\"async\" width=\"460\" height=\"345\" class=\"size-full wp-image-2645\" alt=\"Eichengall\u00e4pfel\" src=\"http:\/\/waldkindergarten-berglen.de\/wp-content\/uploads\/2016\/11\/694-1-1.jpg\"><figcaption id=\"caption-attachment-2645\" class=\"wp-caption-text\">Eichengall\u00e4pfel<\/figcaption><\/figure>\n<p><em>Wussten Sie schon?<\/em><br \/>\n<em>Dass der Jonagold-Apfel den h\u00f6chsten Gehalt an Antioxidantien hat womit er vor vielen Erkrankungen sch\u00fctzt und da er kaum gespritzt werden muss der absolut ges\u00fcndeste Apfel ist?<\/em><\/p>\n","protected":false},"excerpt":{"rendered":"<p>Nun im Herbst zeigt uns die Natur noch einmal ihre ganz besondere Farbvielfalt. Um diese unseren Waldkindern auch ganz bewusst zu machen, legten sie im Morgenkreis einen bunten Kreis aus M\u00e4rchenwolle und machten es sich zur Aufgabe, jede dieser Farben im Wald zu wiederzufinden. So unm\u00f6glich dies bei manchen Farben schien, so verbl\u00fcffend leicht, war&hellip; <a href=\"https:\/\/waldkindergarten-berglen.de\/?p=2240\" class=\"more-link\">Weiterlesen <span class=\"screen-reader-text\">Farben f\u00fcr den Winter<\/span><\/a><\/p>\n","protected":false},"author":1,"featured_media":0,"comment_status":"closed","ping_status":"closed","sticky":false,"template":"","format":"standard","meta":{"ngg_post_thumbnail":0,"_jetpack_memberships_contains_paid_content":false,"footnotes":""},"categories":[3],"tags":[],"class_list":["post-2240","post","type-post","status-publish","format-standard","hentry","category-berichte"],"jetpack_featured_media_url":"","jetpack_sharing_enabled":true,"_links":{"self":[{"href":"https:\/\/waldkindergarten-berglen.de\/index.php?rest_route=\/wp\/v2\/posts\/2240","targetHints":{"allow":["GET"]}}],"collection":[{"href":"https:\/\/waldkindergarten-berglen.de\/index.php?rest_route=\/wp\/v2\/posts"}],"about":[{"href":"https:\/\/waldkindergarten-berglen.de\/index.php?rest_route=\/wp\/v2\/types\/post"}],"author":[{"embeddable":true,"href":"https:\/\/waldkindergarten-berglen.de\/index.php?rest_route=\/wp\/v2\/users\/1"}],"replies":[{"embeddable":true,"href":"https:\/\/waldkindergarten-berglen.de\/index.php?rest_route=%2Fwp%2Fv2%2Fcomments&post=2240"}],"version-history":[{"count":0,"href":"https:\/\/waldkindergarten-berglen.de\/index.php?rest_route=\/wp\/v2\/posts\/2240\/revisions"}],"wp:attachment":[{"href":"https:\/\/waldkindergarten-berglen.de\/index.php?rest_route=%2Fwp%2Fv2%2Fmedia&parent=2240"}],"wp:term":[{"taxonomy":"category","embeddable":true,"href":"https:\/\/waldkindergarten-berglen.de\/index.php?rest_route=%2Fwp%2Fv2%2Fcategories&post=2240"},{"taxonomy":"post_tag","embeddable":true,"href":"https:\/\/waldkindergarten-berglen.de\/index.php?rest_route=%2Fwp%2Fv2%2Ftags&post=2240"}],"curies":[{"name":"wp","href":"https:\/\/api.w.org\/{rel}","templated":true}]}}