{"id":2242,"date":"2012-11-05T12:00:18","date_gmt":"2012-11-05T12:00:18","guid":{"rendered":"http:\/\/waldkindergarten-berglen.de\/?p=2242"},"modified":"2012-11-05T12:00:18","modified_gmt":"2012-11-05T12:00:18","slug":"bunt-sind-schon-die-waelder","status":"publish","type":"post","link":"https:\/\/waldkindergarten-berglen.de\/?p=2242","title":{"rendered":"Bunt sind schon die W\u00e4lder"},"content":{"rendered":"<p>Die Bl\u00e4tter an den B\u00e4umen f\u00e4rben sich. Sch\u00f6n sind die&nbsp;Sonnenstrahlen auf der Wiese und zwischen den B\u00e4umen.<\/p>\n<figure id=\"attachment_2644\" aria-describedby=\"caption-attachment-2644\" style=\"width: 345px\" class=\"wp-caption alignnone\"><img loading=\"lazy\" decoding=\"async\" width=\"345\" height=\"460\" class=\"size-full wp-image-2644\" alt=\"Mein Igel\" src=\"http:\/\/waldkindergarten-berglen.de\/wp-content\/uploads\/2016\/11\/693-1-1.jpg\"><figcaption id=\"caption-attachment-2644\" class=\"wp-caption-text\">Mein Igel<\/figcaption><\/figure>\n<p>Die Igel bereiten sich auf ihren Winterschlaf vor und fressen sich einen Winterspeck an. Aus Hefeteig und Mandelstiften haben wir unsere eigenen Igel gebacken. Hm. Lecker.<\/p>\n<p>Riesling und Zwerglinde<\/p>\n<p>Ein besonderes Erlebnis f\u00fcr unsere Waldkinder war der Ausflug ins Figurentheater Ph\u00f6nix nach Schorndorf. Dort wurde das St\u00fcck &gt;Riesling und Zwerglinde&lt; gespielt. Die Zwerge und die Riesen im Riesengebirge waren nicht gut aufeinander zu sprechen. Eines Tages wurde bei den Zwergen ein besonders gro\u00dfes Zwergenm\u00e4dchen geboren. Zur gleichen Zeit kam bei den Riesen ein besonders kleiner Riesenjunge zur Welt. Diese beiden lernen sich kennen und sch\u00e4tzen. Sie laden ihre Eltern zum Vers\u00f6hnungsfest ein.<\/p>\n<p>Mit dem Bus war die Fahrt nach Schorndorf ebenfalls ein Erlebnis. Die Firma Knauss hat uns einen extra Linienbus geschickt. Wir bedanken uns bei der Firma Knauss.&nbsp;<\/p>\n<p><em>Wussten Sie schon?<\/em><br \/>\n<em>In der Vergangenheit war Mehl von Esskastanien weit verbreitet und in vielen Gebieten Hauptnahrungsmittel.&nbsp;&nbsp;<\/em><\/p>\n","protected":false},"excerpt":{"rendered":"<p>Die Bl\u00e4tter an den B\u00e4umen f\u00e4rben sich. Sch\u00f6n sind die&nbsp;Sonnenstrahlen auf der Wiese und zwischen den B\u00e4umen. Die Igel bereiten sich auf ihren Winterschlaf vor und fressen sich einen Winterspeck an. Aus Hefeteig und Mandelstiften haben wir unsere eigenen Igel gebacken. Hm. Lecker. Riesling und Zwerglinde Ein besonderes Erlebnis f\u00fcr unsere Waldkinder war der Ausflug&hellip; <a href=\"https:\/\/waldkindergarten-berglen.de\/?p=2242\" class=\"more-link\">Weiterlesen <span class=\"screen-reader-text\">Bunt sind schon die W\u00e4lder<\/span><\/a><\/p>\n","protected":false},"author":1,"featured_media":0,"comment_status":"closed","ping_status":"closed","sticky":false,"template":"","format":"standard","meta":{"ngg_post_thumbnail":0,"_jetpack_memberships_contains_paid_content":false,"footnotes":""},"categories":[3],"tags":[],"class_list":["post-2242","post","type-post","status-publish","format-standard","hentry","category-berichte"],"jetpack_featured_media_url":"","jetpack_sharing_enabled":true,"_links":{"self":[{"href":"https:\/\/waldkindergarten-berglen.de\/index.php?rest_route=\/wp\/v2\/posts\/2242","targetHints":{"allow":["GET"]}}],"collection":[{"href":"https:\/\/waldkindergarten-berglen.de\/index.php?rest_route=\/wp\/v2\/posts"}],"about":[{"href":"https:\/\/waldkindergarten-berglen.de\/index.php?rest_route=\/wp\/v2\/types\/post"}],"author":[{"embeddable":true,"href":"https:\/\/waldkindergarten-berglen.de\/index.php?rest_route=\/wp\/v2\/users\/1"}],"replies":[{"embeddable":true,"href":"https:\/\/waldkindergarten-berglen.de\/index.php?rest_route=%2Fwp%2Fv2%2Fcomments&post=2242"}],"version-history":[{"count":0,"href":"https:\/\/waldkindergarten-berglen.de\/index.php?rest_route=\/wp\/v2\/posts\/2242\/revisions"}],"wp:attachment":[{"href":"https:\/\/waldkindergarten-berglen.de\/index.php?rest_route=%2Fwp%2Fv2%2Fmedia&parent=2242"}],"wp:term":[{"taxonomy":"category","embeddable":true,"href":"https:\/\/waldkindergarten-berglen.de\/index.php?rest_route=%2Fwp%2Fv2%2Fcategories&post=2242"},{"taxonomy":"post_tag","embeddable":true,"href":"https:\/\/waldkindergarten-berglen.de\/index.php?rest_route=%2Fwp%2Fv2%2Ftags&post=2242"}],"curies":[{"name":"wp","href":"https:\/\/api.w.org\/{rel}","templated":true}]}}