{"id":2248,"date":"2012-10-22T12:00:16","date_gmt":"2012-10-22T12:00:16","guid":{"rendered":"http:\/\/waldkindergarten-berglen.de\/?p=2248"},"modified":"2012-10-22T12:00:16","modified_gmt":"2012-10-22T12:00:16","slug":"pilze-pilze-pilze","status":"publish","type":"post","link":"https:\/\/waldkindergarten-berglen.de\/?p=2248","title":{"rendered":"Pilze, Pilze, Pilze"},"content":{"rendered":"<p>Pilze waren das Thema unserer Waldkinder. Sie haben viele Pilze entdeckt: Champignons, Steinpilze, Zunderpilze (oder Zunderschw\u00e4mme), Fliegenpilze.<\/p>\n<figure id=\"attachment_2640\" aria-describedby=\"caption-attachment-2640\" style=\"width: 345px\" class=\"wp-caption alignnone\"><img loading=\"lazy\" decoding=\"async\" width=\"345\" height=\"460\" class=\"size-full wp-image-2640\" alt=\"Champignons\" src=\"http:\/\/waldkindergarten-berglen.de\/wp-content\/uploads\/2016\/11\/68-19-1-1.jpg\"><figcaption id=\"caption-attachment-2640\" class=\"wp-caption-text\">Champignons<\/figcaption><\/figure>\n<figure id=\"attachment_2641\" aria-describedby=\"caption-attachment-2641\" style=\"width: 460px\" class=\"wp-caption alignnone\"><img loading=\"lazy\" decoding=\"async\" width=\"460\" height=\"345\" class=\"size-full wp-image-2641\" alt=\"Fliegenpilze\" src=\"http:\/\/waldkindergarten-berglen.de\/wp-content\/uploads\/2016\/11\/690-1-1.jpg\"><figcaption id=\"caption-attachment-2641\" class=\"wp-caption-text\">Fliegenpilze<\/figcaption><\/figure>\n<p>Unsere Waldkinder haben gelernt, dass nur der Pilzk\u00f6rper sichtbar ist. Die Wurzeln \u2013 das Myzel \u2013 sind unter der Erde. Mit Wolle haben sie dieses Geflecht, das wie ein Spinnennetz aussieht, nachgelegt.<br \/>\nDie Pilze dienen vielen Tieren als Nahrung. Deshalb wollen wir auch auf sie achtgeben. &nbsp;<\/p>\n<p>Unser Puk hat uns an einem abgestorbenen Baum viele Zunderpilze gezeigt. Au\u00dferdem hat er uns erkl\u00e4rt, dass in dem abgestorbenen Baum viele Wohnungen von kleinen Tieren und von Zwerglein sind.<\/p>\n<figure id=\"attachment_2643\" aria-describedby=\"caption-attachment-2643\" style=\"width: 460px\" class=\"wp-caption alignnone\"><img loading=\"lazy\" decoding=\"async\" width=\"460\" height=\"345\" class=\"size-full wp-image-2643\" alt=\"Zunderpilze\" src=\"http:\/\/waldkindergarten-berglen.de\/wp-content\/uploads\/2016\/11\/692-1-1.jpg\"><figcaption id=\"caption-attachment-2643\" class=\"wp-caption-text\">Zunderpilze<\/figcaption><\/figure>\n<h4>Danke<\/h4>\n<p>Die Firma CombiPlus hat anl\u00e4sslich des 20- j\u00e4hrigen Firmenjubil\u00e4ums Spenden f\u00fcr den Waldkindergarten gesammelt.<br \/>\nDer Gesch\u00e4ftsf\u00fchrer Stefan Grimm hat die Spenden seiner Kunden und der Firma CombiPlus in H\u00f6he von 1.800.- EURO an die Waldkinder \u00fcbergeben.<br \/>\nWir danken allen f\u00fcr die zahlreichen Spenden.<\/p>\n<figure id=\"attachment_2642\" aria-describedby=\"caption-attachment-2642\" style=\"width: 460px\" class=\"wp-caption alignnone\"><img loading=\"lazy\" decoding=\"async\" width=\"460\" height=\"307\" class=\"size-full wp-image-2642\" alt=\"Wir sagen danke\" src=\"http:\/\/waldkindergarten-berglen.de\/wp-content\/uploads\/2016\/11\/691-1-1.jpg\"><figcaption id=\"caption-attachment-2642\" class=\"wp-caption-text\">Wir sagen danke<\/figcaption><\/figure>\n<p><em>Wussten Sie schon?<\/em><br \/>\n<em> Zunderpilze wurden schon in der Jungsteinzeit zum Anz\u00fcnden verwendet, im Mittelalter zu Westen und Kappen verarbeitet und bis ins 19.Jh von Apotheken als blutstillende Wundauflagen verkauft.<\/em><\/p>\n","protected":false},"excerpt":{"rendered":"<p>Pilze waren das Thema unserer Waldkinder. Sie haben viele Pilze entdeckt: Champignons, Steinpilze, Zunderpilze (oder Zunderschw\u00e4mme), Fliegenpilze. Unsere Waldkinder haben gelernt, dass nur der Pilzk\u00f6rper sichtbar ist. Die Wurzeln \u2013 das Myzel \u2013 sind unter der Erde. Mit Wolle haben sie dieses Geflecht, das wie ein Spinnennetz aussieht, nachgelegt. Die Pilze dienen vielen Tieren als&hellip; <a href=\"https:\/\/waldkindergarten-berglen.de\/?p=2248\" class=\"more-link\">Weiterlesen <span class=\"screen-reader-text\">Pilze, Pilze, Pilze<\/span><\/a><\/p>\n","protected":false},"author":1,"featured_media":0,"comment_status":"closed","ping_status":"closed","sticky":false,"template":"","format":"standard","meta":{"ngg_post_thumbnail":0,"_jetpack_memberships_contains_paid_content":false,"footnotes":""},"categories":[3],"tags":[],"class_list":["post-2248","post","type-post","status-publish","format-standard","hentry","category-berichte"],"jetpack_featured_media_url":"","jetpack_sharing_enabled":true,"_links":{"self":[{"href":"https:\/\/waldkindergarten-berglen.de\/index.php?rest_route=\/wp\/v2\/posts\/2248","targetHints":{"allow":["GET"]}}],"collection":[{"href":"https:\/\/waldkindergarten-berglen.de\/index.php?rest_route=\/wp\/v2\/posts"}],"about":[{"href":"https:\/\/waldkindergarten-berglen.de\/index.php?rest_route=\/wp\/v2\/types\/post"}],"author":[{"embeddable":true,"href":"https:\/\/waldkindergarten-berglen.de\/index.php?rest_route=\/wp\/v2\/users\/1"}],"replies":[{"embeddable":true,"href":"https:\/\/waldkindergarten-berglen.de\/index.php?rest_route=%2Fwp%2Fv2%2Fcomments&post=2248"}],"version-history":[{"count":0,"href":"https:\/\/waldkindergarten-berglen.de\/index.php?rest_route=\/wp\/v2\/posts\/2248\/revisions"}],"wp:attachment":[{"href":"https:\/\/waldkindergarten-berglen.de\/index.php?rest_route=%2Fwp%2Fv2%2Fmedia&parent=2248"}],"wp:term":[{"taxonomy":"category","embeddable":true,"href":"https:\/\/waldkindergarten-berglen.de\/index.php?rest_route=%2Fwp%2Fv2%2Fcategories&post=2248"},{"taxonomy":"post_tag","embeddable":true,"href":"https:\/\/waldkindergarten-berglen.de\/index.php?rest_route=%2Fwp%2Fv2%2Ftags&post=2248"}],"curies":[{"name":"wp","href":"https:\/\/api.w.org\/{rel}","templated":true}]}}