{"id":2252,"date":"2012-10-15T12:00:29","date_gmt":"2012-10-15T12:00:29","guid":{"rendered":"http:\/\/waldkindergarten-berglen.de\/?p=2252"},"modified":"2012-10-15T12:00:29","modified_gmt":"2012-10-15T12:00:29","slug":"herbstzeit-pilzzeit","status":"publish","type":"post","link":"https:\/\/waldkindergarten-berglen.de\/?p=2252","title":{"rendered":"Herbstzeit- Pilzzeit"},"content":{"rendered":"<p>Nun im Herbst sprie\u00dfen sie in s\u00e4mtlichen Farben und Formen aus dem Boden- die Pilze!<br \/>\nViele davon sind f\u00fcr uns Menschen giftig und werden deshalb (oder aus Unachtsamkeit) zerst\u00f6rt.<br \/>\nDoch f\u00fcr einige Tiere sind diese Pilze ein wichtiges Nahrungsmittel.<br \/>\nUm die Kinder daf\u00fcr zu sensibilisieren und ihnen alles Wissenswerte \u00fcber Pilze zu vermitteln, sind die Pilze nun das Thema im Waldkindergarten.<\/p>\n<p>Dazu durfte jedes Kind seinen eigenen Fliegenpilz gestalten, indem es mit Fingerfarben einen Tonblumentopf bemalte.<\/p>\n<figure id=\"attachment_2637\" aria-describedby=\"caption-attachment-2637\" style=\"width: 345px\" class=\"wp-caption alignnone\"><img loading=\"lazy\" decoding=\"async\" width=\"345\" height=\"460\" class=\"size-full wp-image-2637\" alt=\"Ich schnitze einen Stiel f\u00fcr meinen Pilz!\" src=\"http:\/\/waldkindergarten-berglen.de\/wp-content\/uploads\/2016\/11\/68-16-1-1.jpg\"><figcaption id=\"caption-attachment-2637\" class=\"wp-caption-text\">Ich schnitze einen Stiel f\u00fcr meinen Pilz!<\/figcaption><\/figure>\n<h4>Hutzelmann\u00b4s Frau verr\u00e4t ein Geheimnis<\/h4>\n<p>Vor einigen Tagen lag im Morgenkreis ein Brief von Lotta von Waldenburg. Sie ist die Frau des Hutzelmann und kennt sich sehr gut im Wald aus.<\/p>\n<p>In diesem Brief schrieb sie den Kindern, dass sie sich freut, dass ihre geliebten Pilze nun das Thema im Waldkindergarten sind und sie den Kindern gerne einiges dazu erz\u00e4hlen m\u00f6chte.<\/p>\n<p>So schrieb sie, dass es Wunschpilze gibt. Wunschpilze f\u00fcr die Tiere und Elfen des Waldes und sogar einen Wunschpilz f\u00fcr Kinder. Den Wunschpilz f\u00fcr die Kinder k\u00f6nnten sie am Waldrand finden.<br \/>\nAlso machten sie sich gemeinsam auf die Suche nach diesem Wunschpilz!<\/p>\n<p>Tats\u00e4chlich erblickten sie am Waldrand einen gro\u00dfen, eigentlich gut bekannten Holzpilz, den Waldarbeiter mit einer Motors\u00e4ge f\u00fcr sie aus einem Baumstumpf modellierten. Doch auf den zweiten Blick sahen die Kinder dass er heute voller Glitzer war und so geheimnisvoll gl\u00e4nzte.<\/p>\n<p>Lotta von Waldenburg schrieb, dass der Pilz in diesem Zustand die W\u00fcnsche der Kinder aufnehmen kann, wenn sie sich auf ihn stellen und fest an ihren Wunsch denken ohne ihn zu verraten.<\/p>\n<p>Diese Chance nahmen alle Kinder gerne war w\u00e4hrend ehrf\u00fcrchtige Stille unter ihnen herrschte.<br \/>\nDanach gingen sie in den Wald und fanden auch den Wunschpilz der Tiere und Elfen.<\/p>\n<figure id=\"attachment_2638\" aria-describedby=\"caption-attachment-2638\" style=\"width: 345px\" class=\"wp-caption alignnone\"><img loading=\"lazy\" decoding=\"async\" width=\"345\" height=\"460\" class=\"size-full wp-image-2638\" alt=\"Der Wunschpilz der Tiere und Elfen!\" src=\"http:\/\/waldkindergarten-berglen.de\/wp-content\/uploads\/2016\/11\/68-17-1-1.jpg\"><figcaption id=\"caption-attachment-2638\" class=\"wp-caption-text\">Der Wunschpilz der Tiere und Elfen!<\/figcaption><\/figure>\n<p>Als sie auf dem R\u00fcckweg wieder an ihrem Holzwunschpilz vorbeikamen, war aller Glanz und Glitzer verschwunden und er sah wieder aus wie immer. Er hatte nun seinen Zauber wieder verloren und konnte keine W\u00fcnsche mehr aufnehmen.<\/p>\n<p>Das war f\u00fcr alle sehr eindrucksvoll!<\/p>\n<h4>Jahreshauptversammlung<\/h4>\n<p>Unsere diesj\u00e4hrige Hauptversammlung fand am Freitag, den 12. Oktober 2012 im B\u00fcrgerhaus in Rettersburg statt.<br \/>\nDer Vorstand lie\u00df das Kindergartenjahr 2011\/12 Revue passieren, s\u00e4mtliche Aktionen wurden erw\u00e4hnt seitens der Kinder, wie auch die der Eltern.<\/p>\n<p>Die aktuelle Situation in den Gruppen wurde dargestellt.<\/p>\n<p>Dann folgten die Neuwahlen.<\/p>\n<p>Der bisherige Vorstand wurde teilweise neu besetzt.<\/p>\n<p>Als Vorstand des Waldkindergarten Berglen e.V. wurden&nbsp; neu gew\u00e4hlt:<\/p>\n<p>Vorstand: Jens Aupperle<\/p>\n<p>Kassenwart: Christina Bulling<\/p>\n<p>Beisitzer: Michaela Greiner, Heide B\u00fchner und Marko M\u00fcnster.<\/p>\n<p>Kassenpr\u00fcfer: Carola M\u00fcller und Steffen Wilhelm<\/p>\n<p>Wir danken den scheidenden Amtstr\u00e4gern f\u00fcr ihr langj\u00e4hriges Engagement und ihre tolle Arbeit f\u00fcr die Kinder und w\u00fcnschen der neuen Vorstandschaft viel Freude und gutes Gelingen im Wald.<\/p>\n<p>Abschlie\u00dfend ging noch der Dank an die Gemeinde f\u00fcr ihre Unterst\u00fctzung finanzieller und tatkr\u00e4ftiger Art und ein besonderes Dankesch\u00f6n an Herrn B\u00fcrgermeister Schille f\u00fcr die konstruktive Zusammenarbeit, sowie an Frau Ehmann und Frau Sigloch f\u00fcr Ihre stets freundliche Art, vielerlei Fragen zu beantworten.<\/p>\n<p><em>Wussten Sie schon?<\/em><br \/>\n<em>Dass etwa 80-90% aller Pflanzen in ihrem Wachstum von Pilzen unterst\u00fctzt werden, indem sie insbesondere die Saugwurzeln der Pflanzen mit ihren Hyphen eng umschlingen \u00fcber den die Pflanzenwurzeln N\u00e4hrstoffe aufnehmen k\u00f6nnen?<\/em><\/p>\n","protected":false},"excerpt":{"rendered":"<p>Nun im Herbst sprie\u00dfen sie in s\u00e4mtlichen Farben und Formen aus dem Boden- die Pilze! Viele davon sind f\u00fcr uns Menschen giftig und werden deshalb (oder aus Unachtsamkeit) zerst\u00f6rt. Doch f\u00fcr einige Tiere sind diese Pilze ein wichtiges Nahrungsmittel. Um die Kinder daf\u00fcr zu sensibilisieren und ihnen alles Wissenswerte \u00fcber Pilze zu vermitteln, sind die&hellip; <a href=\"https:\/\/waldkindergarten-berglen.de\/?p=2252\" class=\"more-link\">Weiterlesen <span class=\"screen-reader-text\">Herbstzeit- Pilzzeit<\/span><\/a><\/p>\n","protected":false},"author":1,"featured_media":0,"comment_status":"closed","ping_status":"closed","sticky":false,"template":"","format":"standard","meta":{"ngg_post_thumbnail":0,"_jetpack_memberships_contains_paid_content":false,"footnotes":""},"categories":[3],"tags":[],"class_list":["post-2252","post","type-post","status-publish","format-standard","hentry","category-berichte"],"jetpack_featured_media_url":"","jetpack_sharing_enabled":true,"_links":{"self":[{"href":"https:\/\/waldkindergarten-berglen.de\/index.php?rest_route=\/wp\/v2\/posts\/2252","targetHints":{"allow":["GET"]}}],"collection":[{"href":"https:\/\/waldkindergarten-berglen.de\/index.php?rest_route=\/wp\/v2\/posts"}],"about":[{"href":"https:\/\/waldkindergarten-berglen.de\/index.php?rest_route=\/wp\/v2\/types\/post"}],"author":[{"embeddable":true,"href":"https:\/\/waldkindergarten-berglen.de\/index.php?rest_route=\/wp\/v2\/users\/1"}],"replies":[{"embeddable":true,"href":"https:\/\/waldkindergarten-berglen.de\/index.php?rest_route=%2Fwp%2Fv2%2Fcomments&post=2252"}],"version-history":[{"count":0,"href":"https:\/\/waldkindergarten-berglen.de\/index.php?rest_route=\/wp\/v2\/posts\/2252\/revisions"}],"wp:attachment":[{"href":"https:\/\/waldkindergarten-berglen.de\/index.php?rest_route=%2Fwp%2Fv2%2Fmedia&parent=2252"}],"wp:term":[{"taxonomy":"category","embeddable":true,"href":"https:\/\/waldkindergarten-berglen.de\/index.php?rest_route=%2Fwp%2Fv2%2Fcategories&post=2252"},{"taxonomy":"post_tag","embeddable":true,"href":"https:\/\/waldkindergarten-berglen.de\/index.php?rest_route=%2Fwp%2Fv2%2Ftags&post=2252"}],"curies":[{"name":"wp","href":"https:\/\/api.w.org\/{rel}","templated":true}]}}