{"id":2254,"date":"2012-10-15T11:00:59","date_gmt":"2012-10-15T09:00:59","guid":{"rendered":"http:\/\/waldkindergarten-berglen.de\/?p=2254"},"modified":"2012-10-15T11:00:59","modified_gmt":"2012-10-15T09:00:59","slug":"neues-aus-der-waldspielgruppe-45","status":"publish","type":"post","link":"https:\/\/waldkindergarten-berglen.de\/?p=2254","title":{"rendered":"Neues aus der Waldspielgruppe"},"content":{"rendered":"<p>Wie gew\u00f6hnlich regnete es in Str\u00f6men in der Nacht vor unserer Gruppe, so dass es auch am 10. Oktober 2012 von oben her trocken war, von unten aber alles reichlich nass erschien. Kennen wir ja schon.<\/p>\n<p>\u00abHerbst\u00bb war unser Thema, und nach der Begr\u00fc\u00dfungsrunde sangen wir einige sch\u00f6ne Herbstlieder.<\/p>\n<p>Danach machten wir uns auf den Weg in den Wald, um Material zu sammeln, welches wir zu einem Behang weiterverarbeiten wollten.<\/p>\n<p>\u00abSammeln\u00bb kam f\u00fcr die Kinder genauso gut an wie die zwei Hunde, die dieses Mal dabei waren und munter um uns herumtollten.<\/p>\n<p>Auf dem St\u00fcckle vesperten wir, und dann machten sich die M\u00fctter an die Bastelarbeit, w\u00e4hrend die Kleinen mit Eimerchen und Schaufeln nach Herzenslust dreckelten.<\/p>\n<p>Dass die Mamas zu feinmotorischen H\u00f6chstleistungen herausgefordert wurden, stellte sich erst nach und nach heraus.<\/p>\n<figure id=\"attachment_2639\" aria-describedby=\"caption-attachment-2639\" style=\"width: 345px\" class=\"wp-caption alignnone\"><img loading=\"lazy\" decoding=\"async\" class=\"size-full wp-image-2639\" src=\"http:\/\/waldkindergarten-berglen.de\/wp-content\/uploads\/2016\/11\/68-18-1-1.jpg\" alt=\"Mein Kunstwerk!\" width=\"345\" height=\"460\" \/><figcaption id=\"caption-attachment-2639\" class=\"wp-caption-text\">Mein Kunstwerk!<\/figcaption><\/figure>\n<p>So hatten an diesem Vormittag alle ihren Spass und gl\u00fccklich-dreckig oder motiviert-mit-Deko gingen wir auseinander.<\/p>\n","protected":false},"excerpt":{"rendered":"<p>Wie gew\u00f6hnlich regnete es in Str\u00f6men in der Nacht vor unserer Gruppe, so dass es auch am 10. Oktober 2012 von oben her trocken war, von unten aber alles reichlich nass erschien. Kennen wir ja schon. \u00abHerbst\u00bb war unser Thema, und nach der Begr\u00fc\u00dfungsrunde sangen wir einige sch\u00f6ne Herbstlieder. Danach machten wir uns auf den&hellip; <a href=\"https:\/\/waldkindergarten-berglen.de\/?p=2254\" class=\"more-link\">Weiterlesen <span class=\"screen-reader-text\">Neues aus der Waldspielgruppe<\/span><\/a><\/p>\n","protected":false},"author":1,"featured_media":0,"comment_status":"closed","ping_status":"closed","sticky":false,"template":"","format":"standard","meta":{"ngg_post_thumbnail":0,"_jetpack_memberships_contains_paid_content":false,"footnotes":""},"categories":[11],"tags":[],"class_list":["post-2254","post","type-post","status-publish","format-standard","hentry","category-waldspielgruppenberichte-bis-2017"],"jetpack_featured_media_url":"","jetpack_sharing_enabled":true,"_links":{"self":[{"href":"https:\/\/waldkindergarten-berglen.de\/index.php?rest_route=\/wp\/v2\/posts\/2254","targetHints":{"allow":["GET"]}}],"collection":[{"href":"https:\/\/waldkindergarten-berglen.de\/index.php?rest_route=\/wp\/v2\/posts"}],"about":[{"href":"https:\/\/waldkindergarten-berglen.de\/index.php?rest_route=\/wp\/v2\/types\/post"}],"author":[{"embeddable":true,"href":"https:\/\/waldkindergarten-berglen.de\/index.php?rest_route=\/wp\/v2\/users\/1"}],"replies":[{"embeddable":true,"href":"https:\/\/waldkindergarten-berglen.de\/index.php?rest_route=%2Fwp%2Fv2%2Fcomments&post=2254"}],"version-history":[{"count":0,"href":"https:\/\/waldkindergarten-berglen.de\/index.php?rest_route=\/wp\/v2\/posts\/2254\/revisions"}],"wp:attachment":[{"href":"https:\/\/waldkindergarten-berglen.de\/index.php?rest_route=%2Fwp%2Fv2%2Fmedia&parent=2254"}],"wp:term":[{"taxonomy":"category","embeddable":true,"href":"https:\/\/waldkindergarten-berglen.de\/index.php?rest_route=%2Fwp%2Fv2%2Fcategories&post=2254"},{"taxonomy":"post_tag","embeddable":true,"href":"https:\/\/waldkindergarten-berglen.de\/index.php?rest_route=%2Fwp%2Fv2%2Ftags&post=2254"}],"curies":[{"name":"wp","href":"https:\/\/api.w.org\/{rel}","templated":true}]}}