{"id":2256,"date":"2012-10-08T12:00:56","date_gmt":"2012-10-08T12:00:56","guid":{"rendered":"http:\/\/waldkindergarten-berglen.de\/?p=2256"},"modified":"2012-10-08T12:00:56","modified_gmt":"2012-10-08T12:00:56","slug":"bunter-herbst","status":"publish","type":"post","link":"https:\/\/waldkindergarten-berglen.de\/?p=2256","title":{"rendered":"Bunter Herbst"},"content":{"rendered":"<p>Bei strahlendem Sonnenschein haben unsere Waldkinder Hagebutten gesucht. Pl\u00f6tzlich ist eine gro\u00dfe Nuss vor ihren F\u00fc\u00dfen gelandet.<\/p>\n<p>Auf einem Baum konnten sie ein Eichh\u00f6rnchen bei der Wintervorratssuche&nbsp; beobachten. Au\u00dferdem haben sie&nbsp; bunte Bl\u00e4tter, Kiefernzapfen und \u00c4pfel gesammelt. Daraus haben sie sch\u00f6ne Herbstmobile gebastelt.<\/p>\n<figure id=\"attachment_2635\" aria-describedby=\"caption-attachment-2635\" style=\"width: 345px\" class=\"wp-caption alignnone\"><img loading=\"lazy\" decoding=\"async\" width=\"345\" height=\"460\" class=\"size-full wp-image-2635\" alt=\"Herbstmobile\" src=\"http:\/\/waldkindergarten-berglen.de\/wp-content\/uploads\/2016\/11\/68-14-1-1.jpg\"><figcaption id=\"caption-attachment-2635\" class=\"wp-caption-text\">Herbstmobile<\/figcaption><\/figure>\n<h4>Fuchsschule<\/h4>\n<p>Voller Erwartung haben unsere &gt;neuen&lt; Vorschulkinder auf ihre erste &gt;Fuchsschule&lt; gewartet. In dieser Woche haben sie mit dem Thema Apfel gestartet. &nbsp;<\/p>\n<figure id=\"attachment_2636\" aria-describedby=\"caption-attachment-2636\" style=\"width: 460px\" class=\"wp-caption alignnone\"><img loading=\"lazy\" decoding=\"async\" width=\"460\" height=\"345\" class=\"size-full wp-image-2636\" alt=\"Fuchsschule\" src=\"http:\/\/waldkindergarten-berglen.de\/wp-content\/uploads\/2016\/11\/68-15-1-1.jpg\"><figcaption id=\"caption-attachment-2636\" class=\"wp-caption-text\">Fuchsschule<\/figcaption><\/figure>\n<p><em>Wussten Sie schon?<\/em><br \/>\n<em>Die Nahrung der Eichh\u00f6rnchen besteht neben N\u00fcssen auch aus Beeren, Fr\u00fcchten, Rinde, Pilzen und Bl\u00fcten. Sie vertragen auch f\u00fcr Menschen giftige Pilze und Eibesamen.<\/em><\/p>\n<h4>Einladung zur Jahreshauptversammlung<\/h4>\n<p>Liebe Mitglieder,<\/p>\n<p>schon wieder ist ein Jahr ins Land gezogen und die Kinder k\u00f6nnen bald zusehen wie sich der Wald langsam sein buntes, farbenfrohes Herbstkleid anziet.<br \/>\nDas letzte Kindergartenjahr und somit auch das Gesch\u00e4ftsjahr unseres Vereins Waldkindergarten<br \/>\nBerglen e.V. ging am 31.08.2012 zu Ende. An unserer diesj\u00e4hrigen<\/p>\n<p>Jahreshauptversammlung<\/p>\n<p>am Freitag, den 12 .Oktober 2012 ab 20 Uhr<br \/>\nim B\u00fcrgerhaus in Rettersburg<\/p>\n<p>m\u00f6chten wir Euch einen \u00dcberblick \u00fcber die Aktivit\u00e4ten des vergangenen Kindergartenjahres geben und Euch die Gesch\u00e4ftsf\u00fchrung des Vorstandes offen legen.<\/p>\n<p>Folgende Tagesordnung ist vorgesehen:<\/p>\n<ol>\n<li>Begr\u00fc\u00dfung<\/li>\n<li>Bericht des Vorstandes<\/li>\n<li>Bericht des Schatzmeisters<\/li>\n<li>Vorlage des Haushaltsplanes<\/li>\n<li>Bericht der Kassenpr\u00fcferinnen<\/li>\n<li>Entlastung des Vorstandes<\/li>\n<li>Neuwahlen<\/li>\n<li>Antr\u00e4ge und Verschiedenes<\/li>\n<\/ol>\n<p>Der Waldkindergarten Berglen e.V. w\u00fcrde sich \u00fcber jedes Mitglied das an diesem Abend anwesend sein kann herzlichst freuen.<\/p>\n<p>Waldkindergarten Berglen e.V.<\/p>\n","protected":false},"excerpt":{"rendered":"<p>Bei strahlendem Sonnenschein haben unsere Waldkinder Hagebutten gesucht. Pl\u00f6tzlich ist eine gro\u00dfe Nuss vor ihren F\u00fc\u00dfen gelandet. Auf einem Baum konnten sie ein Eichh\u00f6rnchen bei der Wintervorratssuche&nbsp; beobachten. Au\u00dferdem haben sie&nbsp; bunte Bl\u00e4tter, Kiefernzapfen und \u00c4pfel gesammelt. Daraus haben sie sch\u00f6ne Herbstmobile gebastelt. Fuchsschule Voller Erwartung haben unsere &gt;neuen&lt; Vorschulkinder auf ihre erste &gt;Fuchsschule&lt; gewartet.&hellip; <a href=\"https:\/\/waldkindergarten-berglen.de\/?p=2256\" class=\"more-link\">Weiterlesen <span class=\"screen-reader-text\">Bunter Herbst<\/span><\/a><\/p>\n","protected":false},"author":1,"featured_media":0,"comment_status":"closed","ping_status":"closed","sticky":false,"template":"","format":"standard","meta":{"ngg_post_thumbnail":0,"_jetpack_memberships_contains_paid_content":false,"footnotes":""},"categories":[3],"tags":[],"class_list":["post-2256","post","type-post","status-publish","format-standard","hentry","category-berichte"],"jetpack_featured_media_url":"","jetpack_sharing_enabled":true,"_links":{"self":[{"href":"https:\/\/waldkindergarten-berglen.de\/index.php?rest_route=\/wp\/v2\/posts\/2256","targetHints":{"allow":["GET"]}}],"collection":[{"href":"https:\/\/waldkindergarten-berglen.de\/index.php?rest_route=\/wp\/v2\/posts"}],"about":[{"href":"https:\/\/waldkindergarten-berglen.de\/index.php?rest_route=\/wp\/v2\/types\/post"}],"author":[{"embeddable":true,"href":"https:\/\/waldkindergarten-berglen.de\/index.php?rest_route=\/wp\/v2\/users\/1"}],"replies":[{"embeddable":true,"href":"https:\/\/waldkindergarten-berglen.de\/index.php?rest_route=%2Fwp%2Fv2%2Fcomments&post=2256"}],"version-history":[{"count":0,"href":"https:\/\/waldkindergarten-berglen.de\/index.php?rest_route=\/wp\/v2\/posts\/2256\/revisions"}],"wp:attachment":[{"href":"https:\/\/waldkindergarten-berglen.de\/index.php?rest_route=%2Fwp%2Fv2%2Fmedia&parent=2256"}],"wp:term":[{"taxonomy":"category","embeddable":true,"href":"https:\/\/waldkindergarten-berglen.de\/index.php?rest_route=%2Fwp%2Fv2%2Fcategories&post=2256"},{"taxonomy":"post_tag","embeddable":true,"href":"https:\/\/waldkindergarten-berglen.de\/index.php?rest_route=%2Fwp%2Fv2%2Ftags&post=2256"}],"curies":[{"name":"wp","href":"https:\/\/api.w.org\/{rel}","templated":true}]}}