{"id":247,"date":"2016-05-16T09:00:29","date_gmt":"2016-05-16T07:00:29","guid":{"rendered":"http:\/\/waldkindergarten-berglen.de\/?p=247"},"modified":"2016-05-16T09:00:29","modified_gmt":"2016-05-16T07:00:29","slug":"neues-aus-der-waldspielgruppe","status":"publish","type":"post","link":"https:\/\/waldkindergarten-berglen.de\/?p=247","title":{"rendered":"Neues aus der Waldspielgruppe"},"content":{"rendered":"<p>Am sonnig-warmen 11. Mai 16 begleitete uns erneut das Thema \u00abWiese und Blumen\u00bb.<\/p>\n<p>In der Begr\u00fc\u00dfungsrunde \u00fcbten wir uns darin, die 20 verschiedenen Namen aller Beteiligten zu lernen und gratulierten herzlich zwei Kindern zu ihrem 2. Geburtstag.<\/p>\n<p>Dann machten wir Bewegungslieder zum Thema und sangen auch den alten Klassiker \u00abBr\u00fcderchen komm tanz mit mir&#8230;\u00bb.<\/p>\n<p>Alle M\u00fctter und V\u00e4ter kannten es noch auswendig und die 2 J\u00e4hrigen hatten ihren Spa\u00df damit.<\/p>\n<p>Im Anschluss malten die Kleinen mit dicken Wachsbl\u00f6cken abgedruckte Blumen aus, die sie dann mithilfe der Gro\u00dfen ausschnitten.<\/p>\n<p>Es war angek\u00fcndigt, dass dies Wunderblumen seien, und tats\u00e4chlich: In einer Wassersch\u00fcssel schwimmend \u00f6ffneten sich die zusammengefalteten Blumen wie durch Zauberhand.<\/p>\n<p>Nach dem Vesper mit leckeren Geburtstagsgaben hatten die Kinder wie die Erwachsenen gro\u00dfe Freude am Seifenblasen machen.<\/p>\n<p>Ob nun durch verschieden gro\u00dfe Ringe oder durch eine Art Trompete produziert: dem Charme der Seifenblasen lie\u00df sich nicht entkommen.<\/p>\n<p>Anschlie\u00dfend hantierten die Kleinen mit Schaufeln und Eimern, fochten einige kleine Rangordnungen aus und erkundeten das St\u00fcckle.<\/p>\n<p>Alles in allem erlebten wir einen sehr entspannten Vormittag.<\/p>\n","protected":false},"excerpt":{"rendered":"<p>Am sonnig-warmen 11. Mai 16 begleitete uns erneut das Thema \u00abWiese und Blumen\u00bb. In der Begr\u00fc\u00dfungsrunde \u00fcbten wir uns darin, die 20 verschiedenen Namen aller Beteiligten zu lernen und gratulierten herzlich zwei Kindern zu ihrem 2. Geburtstag. Dann machten wir Bewegungslieder zum Thema und sangen auch den alten Klassiker \u00abBr\u00fcderchen komm tanz mit mir&#8230;\u00bb. Alle&hellip; <a href=\"https:\/\/waldkindergarten-berglen.de\/?p=247\" class=\"more-link\">Weiterlesen <span class=\"screen-reader-text\">Neues aus der Waldspielgruppe<\/span><\/a><\/p>\n","protected":false},"author":1,"featured_media":0,"comment_status":"closed","ping_status":"closed","sticky":false,"template":"","format":"standard","meta":{"ngg_post_thumbnail":0,"_jetpack_memberships_contains_paid_content":false,"footnotes":""},"categories":[11],"tags":[],"class_list":["post-247","post","type-post","status-publish","format-standard","hentry","category-waldspielgruppenberichte-bis-2017"],"jetpack_featured_media_url":"","jetpack_sharing_enabled":true,"_links":{"self":[{"href":"https:\/\/waldkindergarten-berglen.de\/index.php?rest_route=\/wp\/v2\/posts\/247","targetHints":{"allow":["GET"]}}],"collection":[{"href":"https:\/\/waldkindergarten-berglen.de\/index.php?rest_route=\/wp\/v2\/posts"}],"about":[{"href":"https:\/\/waldkindergarten-berglen.de\/index.php?rest_route=\/wp\/v2\/types\/post"}],"author":[{"embeddable":true,"href":"https:\/\/waldkindergarten-berglen.de\/index.php?rest_route=\/wp\/v2\/users\/1"}],"replies":[{"embeddable":true,"href":"https:\/\/waldkindergarten-berglen.de\/index.php?rest_route=%2Fwp%2Fv2%2Fcomments&post=247"}],"version-history":[{"count":0,"href":"https:\/\/waldkindergarten-berglen.de\/index.php?rest_route=\/wp\/v2\/posts\/247\/revisions"}],"wp:attachment":[{"href":"https:\/\/waldkindergarten-berglen.de\/index.php?rest_route=%2Fwp%2Fv2%2Fmedia&parent=247"}],"wp:term":[{"taxonomy":"category","embeddable":true,"href":"https:\/\/waldkindergarten-berglen.de\/index.php?rest_route=%2Fwp%2Fv2%2Fcategories&post=247"},{"taxonomy":"post_tag","embeddable":true,"href":"https:\/\/waldkindergarten-berglen.de\/index.php?rest_route=%2Fwp%2Fv2%2Ftags&post=247"}],"curies":[{"name":"wp","href":"https:\/\/api.w.org\/{rel}","templated":true}]}}