{"id":249,"date":"2016-05-02T12:00:14","date_gmt":"2016-05-02T12:00:14","guid":{"rendered":"http:\/\/waldkindergarten-berglen.de\/?p=249"},"modified":"2016-05-02T12:00:14","modified_gmt":"2016-05-02T12:00:14","slug":"wanderung-in-begleitung-der-grossen-boys","status":"publish","type":"post","link":"https:\/\/waldkindergarten-berglen.de\/?p=249","title":{"rendered":"Wanderung in Begleitung der gro\u00dfen Boys"},"content":{"rendered":"<p>Am vergangenen Donnerstag folgten die Wichtel der Einladung ihres Wichtelfreundes an seinem Geburtstag zu ihm nach Hause zu kommen, damit er mit all seinen Freunden und Erzieherinnen feiern kann.<\/p>\n<p>So begab sich die ganze Gruppe auf den Weg nach Streich wo sie mit leckerem Kuchen und frischen Butterbrezeln empfangen wurden. Das Spiel im Gartenh\u00e4uschen, auf dem Baumhaus und an den Spielger\u00e4ten machte allen Kindern riesigen Spa\u00df! Da war der einsetzende Regen Nebensache!<\/p>\n<p>Mit vollen B\u00e4uchen verabschiedeten sich die Waldkinder nach ausgiebigem Spiel um sich auf den Streicher Spielplatz zu begeben, wo sie von ihren Eltern wieder abgeholt wurden.<\/p>\n<p><strong>Vielen herzlichen Dank, lieber Jakob, f\u00fcr die wundersch\u00f6ne Geburtstagsfeier und die vielen Leckereien, welche die ganze Gruppe genie\u00dfen durfte! Es war wundersch\u00f6n!<\/strong><\/p>\n<h4>Boys and Girls Day<\/h4>\n<p>An diesem Tag war auch Boys and Girls Day und so durften Jungs einen Tag lang in einen typischen Frauenberuf und M\u00e4dchen in einen typischen M\u00e4nnerberuf schnuppern.<\/p>\n<p>So hatten die Wichtel 4 Jungs der 7. Klasse zu Besuch, welche die Erzieherinnen gro\u00dfartig unterst\u00fctzten. Dabei waren sie besonders bei der \u00dcberquerung von Stra\u00dfen eine tolle Hilfe!<\/p>\n<p>Die Tatsache, dass 2 von den Jungs ehemalige Waldkinder sind und sich jedes Jahr einstige Waldkinder als Praktikantinnen und Praktikanten f\u00fcr den Waldkindergarten entscheiden, freut die Waldkindergarten-Verantwortlichen und vor allem die Erzieherinnen sehr.<\/p>\n<p>Dabei erfahren die Erwachsenen regelm\u00e4\u00dfig wie positiv die Waldkindergartenzeit die Kinder gepr\u00e4gt hat und sie bis ins Jugendalter bereichert.<\/p>\n<p><strong>In ihren Herzen und f\u00fcr unsere Erzieherinnen bleiben sie eben immer Waldkinder!<\/strong><br \/>\n<strong> Wir freuen uns dar\u00fcber, Euch immer mal wieder zu sehen!<\/strong><\/p>\n<p><em>Wussten Sie schon?<br \/>\n<\/em><em>Dass die Zugv\u00f6gel dem Vollfr\u00fchling folgen, der um den 20. April die oberrheinische Tiefebene erreicht und mit einer Geschwindigkeit von 40 Kilometern am Tag in Richtung Finnland weiterzieht?<\/em><\/p>\n","protected":false},"excerpt":{"rendered":"<p>Am vergangenen Donnerstag folgten die Wichtel der Einladung ihres Wichtelfreundes an seinem Geburtstag zu ihm nach Hause zu kommen, damit er mit all seinen Freunden und Erzieherinnen feiern kann. So begab sich die ganze Gruppe auf den Weg nach Streich wo sie mit leckerem Kuchen und frischen Butterbrezeln empfangen wurden. Das Spiel im Gartenh\u00e4uschen, auf&hellip; <a href=\"https:\/\/waldkindergarten-berglen.de\/?p=249\" class=\"more-link\">Weiterlesen <span class=\"screen-reader-text\">Wanderung in Begleitung der gro\u00dfen Boys<\/span><\/a><\/p>\n","protected":false},"author":1,"featured_media":0,"comment_status":"closed","ping_status":"closed","sticky":false,"template":"","format":"standard","meta":{"ngg_post_thumbnail":0,"_jetpack_memberships_contains_paid_content":false,"footnotes":""},"categories":[3],"tags":[],"class_list":["post-249","post","type-post","status-publish","format-standard","hentry","category-berichte"],"jetpack_featured_media_url":"","jetpack_sharing_enabled":true,"_links":{"self":[{"href":"https:\/\/waldkindergarten-berglen.de\/index.php?rest_route=\/wp\/v2\/posts\/249","targetHints":{"allow":["GET"]}}],"collection":[{"href":"https:\/\/waldkindergarten-berglen.de\/index.php?rest_route=\/wp\/v2\/posts"}],"about":[{"href":"https:\/\/waldkindergarten-berglen.de\/index.php?rest_route=\/wp\/v2\/types\/post"}],"author":[{"embeddable":true,"href":"https:\/\/waldkindergarten-berglen.de\/index.php?rest_route=\/wp\/v2\/users\/1"}],"replies":[{"embeddable":true,"href":"https:\/\/waldkindergarten-berglen.de\/index.php?rest_route=%2Fwp%2Fv2%2Fcomments&post=249"}],"version-history":[{"count":0,"href":"https:\/\/waldkindergarten-berglen.de\/index.php?rest_route=\/wp\/v2\/posts\/249\/revisions"}],"wp:attachment":[{"href":"https:\/\/waldkindergarten-berglen.de\/index.php?rest_route=%2Fwp%2Fv2%2Fmedia&parent=249"}],"wp:term":[{"taxonomy":"category","embeddable":true,"href":"https:\/\/waldkindergarten-berglen.de\/index.php?rest_route=%2Fwp%2Fv2%2Fcategories&post=249"},{"taxonomy":"post_tag","embeddable":true,"href":"https:\/\/waldkindergarten-berglen.de\/index.php?rest_route=%2Fwp%2Fv2%2Ftags&post=249"}],"curies":[{"name":"wp","href":"https:\/\/api.w.org\/{rel}","templated":true}]}}